[{"@context":"https:\/\/schema.org\/","@type":"Blog","@id":"https:\/\/www.aligno.cz#Blog","headline":"Aligno","description":"\nT\u00ed\u017eiv\u00e1 finan\u010dn\u00ed situace se naz\u00fdv\u00e1 t\u00ed\u017eiv\u00e1 proto, \u017ee je tomu, kdo se v\u00a0n\u00ed ocitne, t\u011b\u017eko. A jak n\u011bkomu takov\u00e9mu uleh\u010dit? Krom\u011b v\u011bt\u0161\u00ed p\u00edle m\u016f\u017ee pomoci i p\u016fj\u010dka.","url":"https:\/\/www.aligno.cz","hasPart":[{"@type":"Article","@id":"https:\/\/www.aligno.cz\/jak-moderni-knihkupectvi-propojuji-tistene-knihy-e-knihy-a-audioknihy-do-jednoho-ctenarskeho-ekosystemu\/","headline":"Jak modern\u00ed knihkupectv\u00ed propojuj\u00ed ti\u0161t\u011bn\u00e9 knihy, e-knihy a audioknihy do jednoho \u010dten\u00e1\u0159sk\u00e9ho ekosyst\u00e9mu","url":"https:\/\/www.aligno.cz\/jak-moderni-knihkupectvi-propojuji-tistene-knihy-e-knihy-a-audioknihy-do-jednoho-ctenarskeho-ekosystemu\/","datePublished":"2025-11-17","dateModified":"2025-11-17","mainEntityOfPage":"https:\/\/www.aligno.cz\/jak-moderni-knihkupectvi-propojuji-tistene-knihy-e-knihy-a-audioknihy-do-jednoho-ctenarskeho-ekosystemu\/","author":{"@type":"Person","@id":"https:\/\/www.aligno.cz\/author\/devene\/#Person","name":"devene","url":"https:\/\/www.aligno.cz\/author\/devene\/","identifier":1,"image":{"@type":"ImageObject","@id":"https:\/\/secure.gravatar.com\/avatar\/75822ebcb33f26a58f54da5d813b950f2ea435f36540e293975e215a51d4a023?s=96&d=mm&r=g","url":"https:\/\/secure.gravatar.com\/avatar\/75822ebcb33f26a58f54da5d813b950f2ea435f36540e293975e215a51d4a023?s=96&d=mm&r=g","height":96,"width":96}},"publisher":{"@type":"Organization","name":"aligno.cz","logo":{"@type":"ImageObject","@id":"\/logo.png","url":"\/logo.png","width":600,"height":60}},"image":{"@type":"ImageObject","@id":"https:\/\/www.aligno.cz\/wp-content\/uploads\/ChatGPT_Image_19._11._2025_12_27_29_CRtnZh.png","url":"https:\/\/www.aligno.cz\/wp-content\/uploads\/ChatGPT_Image_19._11._2025_12_27_29_CRtnZh.png","height":0,"width":0},"wordCount":1403,"keywords":null},{"@type":"Article","@id":"https:\/\/www.aligno.cz\/shanite-bazen\/","headline":"Sh\u00e1n\u00edte baz\u00e9n?","url":"https:\/\/www.aligno.cz\/shanite-bazen\/","datePublished":"2025-08-13","dateModified":"2025-08-13","mainEntityOfPage":"https:\/\/www.aligno.cz\/shanite-bazen\/","author":{"@type":"Person","@id":"https:\/\/www.aligno.cz\/author\/devene\/#Person","name":"devene","url":"https:\/\/www.aligno.cz\/author\/devene\/","identifier":1,"image":{"@type":"ImageObject","@id":"https:\/\/secure.gravatar.com\/avatar\/75822ebcb33f26a58f54da5d813b950f2ea435f36540e293975e215a51d4a023?s=96&d=mm&r=g","url":"https:\/\/secure.gravatar.com\/avatar\/75822ebcb33f26a58f54da5d813b950f2ea435f36540e293975e215a51d4a023?s=96&d=mm&r=g","height":96,"width":96}},"publisher":{"@type":"Organization","name":"aligno.cz","logo":{"@type":"ImageObject","@id":"\/logo.png","url":"\/logo.png","width":600,"height":60}},"image":{"@type":"ImageObject","@id":"https:\/\/www.aligno.cz\/wp-content\/uploads\/bb_10_10_10_10_10_10_10_10_7.jpg","url":"https:\/\/www.aligno.cz\/wp-content\/uploads\/bb_10_10_10_10_10_10_10_10_7.jpg","height":0,"width":0},"wordCount":649,"keywords":null},{"@type":"Article","@id":"https:\/\/www.aligno.cz\/zamlada-to-byla-bida\/","headline":"Zamlada to byla b\u00edda","url":"https:\/\/www.aligno.cz\/zamlada-to-byla-bida\/","datePublished":"2025-08-09","dateModified":"2025-08-09","mainEntityOfPage":"https:\/\/www.aligno.cz\/zamlada-to-byla-bida\/","author":{"@type":"Person","@id":"https:\/\/www.aligno.cz\/author\/devene\/#Person","name":"devene","url":"https:\/\/www.aligno.cz\/author\/devene\/","identifier":1,"image":{"@type":"ImageObject","@id":"https:\/\/secure.gravatar.com\/avatar\/75822ebcb33f26a58f54da5d813b950f2ea435f36540e293975e215a51d4a023?s=96&d=mm&r=g","url":"https:\/\/secure.gravatar.com\/avatar\/75822ebcb33f26a58f54da5d813b950f2ea435f36540e293975e215a51d4a023?s=96&d=mm&r=g","height":96,"width":96}},"publisher":{"@type":"Organization","name":"aligno.cz","logo":{"@type":"ImageObject","@id":"\/logo.png","url":"\/logo.png","width":600,"height":60}},"image":null,"wordCount":349,"keywords":null},{"@type":"Article","@id":"https:\/\/www.aligno.cz\/kdo-nejcasteji-provadi-vykup-nemovitosti\/","headline":"Kdo nej\u010dast\u011bji prov\u00e1d\u00ed v\u00fdkup nemovitosti","url":"https:\/\/www.aligno.cz\/kdo-nejcasteji-provadi-vykup-nemovitosti\/","datePublished":"2025-07-06","dateModified":"2025-07-06","mainEntityOfPage":"https:\/\/www.aligno.cz\/kdo-nejcasteji-provadi-vykup-nemovitosti\/","author":{"@type":"Person","@id":"https:\/\/www.aligno.cz\/author\/devene\/#Person","name":"devene","url":"https:\/\/www.aligno.cz\/author\/devene\/","identifier":1,"image":{"@type":"ImageObject","@id":"https:\/\/secure.gravatar.com\/avatar\/75822ebcb33f26a58f54da5d813b950f2ea435f36540e293975e215a51d4a023?s=96&d=mm&r=g","url":"https:\/\/secure.gravatar.com\/avatar\/75822ebcb33f26a58f54da5d813b950f2ea435f36540e293975e215a51d4a023?s=96&d=mm&r=g","height":96,"width":96}},"publisher":{"@type":"Organization","name":"aligno.cz","logo":{"@type":"ImageObject","@id":"\/logo.png","url":"\/logo.png","width":600,"height":60}},"image":{"@type":"ImageObject","@id":"https:\/\/www.aligno.cz\/wp-content\/uploads\/hypoteka2_10_10_10_10_10_10_10_10_10_10_5.jpg","url":"https:\/\/www.aligno.cz\/wp-content\/uploads\/hypoteka2_10_10_10_10_10_10_10_10_10_10_5.jpg","height":0,"width":0},"wordCount":545,"keywords":null},{"@type":"Article","@id":"https:\/\/www.aligno.cz\/kde-vyuzit-zavitnik-m3\/","headline":"Kde vyu\u017e\u00edt z\u00e1vitn\u00edk M3","url":"https:\/\/www.aligno.cz\/kde-vyuzit-zavitnik-m3\/","datePublished":"2025-06-06","dateModified":"2025-06-06","mainEntityOfPage":"https:\/\/www.aligno.cz\/kde-vyuzit-zavitnik-m3\/","author":{"@type":"Person","@id":"https:\/\/www.aligno.cz\/author\/devene\/#Person","name":"devene","url":"https:\/\/www.aligno.cz\/author\/devene\/","identifier":1,"image":{"@type":"ImageObject","@id":"https:\/\/secure.gravatar.com\/avatar\/75822ebcb33f26a58f54da5d813b950f2ea435f36540e293975e215a51d4a023?s=96&d=mm&r=g","url":"https:\/\/secure.gravatar.com\/avatar\/75822ebcb33f26a58f54da5d813b950f2ea435f36540e293975e215a51d4a023?s=96&d=mm&r=g","height":96,"width":96}},"publisher":{"@type":"Organization","name":"aligno.cz","logo":{"@type":"ImageObject","@id":"\/logo.png","url":"\/logo.png","width":600,"height":60}},"image":{"@type":"ImageObject","@id":"https:\/\/www.aligno.cz\/wp-content\/uploads\/nut-2633602_640_1.jpg","url":"https:\/\/www.aligno.cz\/wp-content\/uploads\/nut-2633602_640_1.jpg","height":0,"width":0},"wordCount":547,"keywords":null},{"@type":"Article","@id":"https:\/\/www.aligno.cz\/drevena-okna\/","headline":"D\u0159ev\u011bn\u00e1 okna","url":"https:\/\/www.aligno.cz\/drevena-okna\/","datePublished":"2025-04-21","dateModified":"2025-04-21","mainEntityOfPage":"https:\/\/www.aligno.cz\/drevena-okna\/","author":{"@type":"Person","@id":"https:\/\/www.aligno.cz\/author\/devene\/#Person","name":"devene","url":"https:\/\/www.aligno.cz\/author\/devene\/","identifier":1,"image":{"@type":"ImageObject","@id":"https:\/\/secure.gravatar.com\/avatar\/75822ebcb33f26a58f54da5d813b950f2ea435f36540e293975e215a51d4a023?s=96&d=mm&r=g","url":"https:\/\/secure.gravatar.com\/avatar\/75822ebcb33f26a58f54da5d813b950f2ea435f36540e293975e215a51d4a023?s=96&d=mm&r=g","height":96,"width":96}},"publisher":{"@type":"Organization","name":"aligno.cz","logo":{"@type":"ImageObject","@id":"\/logo.png","url":"\/logo.png","width":600,"height":60}},"image":null,"wordCount":213,"keywords":null},{"@type":"Article","@id":"https:\/\/www.aligno.cz\/je-libo-pizzu-krabickovou-stravu-ci-jakykoli-pokrm-jsme-na-ceste-k-vam\/","headline":"Je libo pizzu, krabi\u010dkovou stravu \u010di jak\u00fdkoli  pokrm? Jsme na cest\u011b k\u00a0v\u00e1m!","url":"https:\/\/www.aligno.cz\/je-libo-pizzu-krabickovou-stravu-ci-jakykoli-pokrm-jsme-na-ceste-k-vam\/","datePublished":"2025-04-13","dateModified":"2025-04-13","mainEntityOfPage":"https:\/\/www.aligno.cz\/je-libo-pizzu-krabickovou-stravu-ci-jakykoli-pokrm-jsme-na-ceste-k-vam\/","author":{"@type":"Person","@id":"https:\/\/www.aligno.cz\/author\/devene\/#Person","name":"devene","url":"https:\/\/www.aligno.cz\/author\/devene\/","identifier":1,"image":{"@type":"ImageObject","@id":"https:\/\/secure.gravatar.com\/avatar\/75822ebcb33f26a58f54da5d813b950f2ea435f36540e293975e215a51d4a023?s=96&d=mm&r=g","url":"https:\/\/secure.gravatar.com\/avatar\/75822ebcb33f26a58f54da5d813b950f2ea435f36540e293975e215a51d4a023?s=96&d=mm&r=g","height":96,"width":96}},"publisher":{"@type":"Organization","name":"aligno.cz","logo":{"@type":"ImageObject","@id":"\/logo.png","url":"\/logo.png","width":600,"height":60}},"image":null,"wordCount":204,"keywords":null},{"@type":"Article","@id":"https:\/\/www.aligno.cz\/ocel-pro-stavebniny\/","headline":"Ocel pro stavebniny","url":"https:\/\/www.aligno.cz\/ocel-pro-stavebniny\/","datePublished":"2025-04-12","dateModified":"2025-04-12","mainEntityOfPage":"https:\/\/www.aligno.cz\/ocel-pro-stavebniny\/","author":{"@type":"Person","@id":"https:\/\/www.aligno.cz\/author\/devene\/#Person","name":"devene","url":"https:\/\/www.aligno.cz\/author\/devene\/","identifier":1,"image":{"@type":"ImageObject","@id":"https:\/\/secure.gravatar.com\/avatar\/75822ebcb33f26a58f54da5d813b950f2ea435f36540e293975e215a51d4a023?s=96&d=mm&r=g","url":"https:\/\/secure.gravatar.com\/avatar\/75822ebcb33f26a58f54da5d813b950f2ea435f36540e293975e215a51d4a023?s=96&d=mm&r=g","height":96,"width":96}},"publisher":{"@type":"Organization","name":"aligno.cz","logo":{"@type":"ImageObject","@id":"\/logo.png","url":"\/logo.png","width":600,"height":60}},"image":{"@type":"ImageObject","@id":"https:\/\/www.aligno.cz\/wp-content\/uploads\/shopping-carts-1275480_640_1.jpg","url":"https:\/\/www.aligno.cz\/wp-content\/uploads\/shopping-carts-1275480_640_1.jpg","height":0,"width":0},"wordCount":555,"keywords":null},{"@type":"Article","@id":"https:\/\/www.aligno.cz\/jake-zname-ekologicke-obalove-materialy\/","headline":"Jak\u00e9 zn\u00e1me ekologick\u00e9 obalov\u00e9 materi\u00e1ly","url":"https:\/\/www.aligno.cz\/jake-zname-ekologicke-obalove-materialy\/","datePublished":"2025-04-11","dateModified":"2025-04-11","mainEntityOfPage":"https:\/\/www.aligno.cz\/jake-zname-ekologicke-obalove-materialy\/","author":{"@type":"Person","@id":"https:\/\/www.aligno.cz\/author\/devene\/#Person","name":"devene","url":"https:\/\/www.aligno.cz\/author\/devene\/","identifier":1,"image":{"@type":"ImageObject","@id":"https:\/\/secure.gravatar.com\/avatar\/75822ebcb33f26a58f54da5d813b950f2ea435f36540e293975e215a51d4a023?s=96&d=mm&r=g","url":"https:\/\/secure.gravatar.com\/avatar\/75822ebcb33f26a58f54da5d813b950f2ea435f36540e293975e215a51d4a023?s=96&d=mm&r=g","height":96,"width":96}},"publisher":{"@type":"Organization","name":"aligno.cz","logo":{"@type":"ImageObject","@id":"\/logo.png","url":"\/logo.png","width":600,"height":60}},"image":{"@type":"ImageObject","@id":"https:\/\/www.aligno.cz\/wp-content\/uploads\/arts-and-crafts-1867323_640_3.jpg","url":"https:\/\/www.aligno.cz\/wp-content\/uploads\/arts-and-crafts-1867323_640_3.jpg","height":0,"width":0},"wordCount":481,"keywords":null},{"@type":"Article","@id":"https:\/\/www.aligno.cz\/pr-clanky\/","headline":"Pr \u010dl\u00e1nky","url":"https:\/\/www.aligno.cz\/pr-clanky\/","datePublished":"2025-04-06","dateModified":"2025-04-06","mainEntityOfPage":"https:\/\/www.aligno.cz\/pr-clanky\/","author":{"@type":"Person","@id":"https:\/\/www.aligno.cz\/author\/devene\/#Person","name":"devene","url":"https:\/\/www.aligno.cz\/author\/devene\/","identifier":1,"image":{"@type":"ImageObject","@id":"https:\/\/secure.gravatar.com\/avatar\/75822ebcb33f26a58f54da5d813b950f2ea435f36540e293975e215a51d4a023?s=96&d=mm&r=g","url":"https:\/\/secure.gravatar.com\/avatar\/75822ebcb33f26a58f54da5d813b950f2ea435f36540e293975e215a51d4a023?s=96&d=mm&r=g","height":96,"width":96}},"publisher":{"@type":"Organization","name":"aligno.cz","logo":{"@type":"ImageObject","@id":"\/logo.png","url":"\/logo.png","width":600,"height":60}},"image":null,"wordCount":269,"keywords":null}]},{"@context":"https:\/\/schema.org","@type":"WebSite","@id":"https:\/\/www.aligno.cz\/#website","name":"Aligno","url":"https:\/\/www.aligno.cz","potentialAction":{"@type":"SearchAction","target":"https:\/\/www.aligno.cz\/?s={search_term_string}","query-input":"required name=search_term_string"}}]