[{"@context":"https:\/\/schema.org\/","@type":"Article","@id":"https:\/\/www.aligno.cz\/cenove-dostupna-mista-pobytu-pro-letni-dovolenou-je-tu-pro-vas\/#Article","mainEntityOfPage":"https:\/\/www.aligno.cz\/cenove-dostupna-mista-pobytu-pro-letni-dovolenou-je-tu-pro-vas\/","headline":"Cenov\u011b dostupn\u00e1 m\u00edsta pobyt\u016f pro letn\u00ed dovolenou je tu pro v\u00e1s","name":"Cenov\u011b dostupn\u00e1 m\u00edsta pobyt\u016f pro letn\u00ed dovolenou je tu pro v\u00e1s","description":"Pokud se u\u017e nem\u016f\u017eete do\u010dkat dne, kdy kone\u010dn\u011b budete m\u00edt dovolenou, kterou ale zat\u00edm nev\u00edte, kde str\u00e1v\u00edte, pak se rozhodn\u011b obra\u0165te na speci\u00e1ln\u00ed nab\u00eddku internetov\u00e9ho port\u00e1lu, kter\u00fd v\u00e1m p\u0159in\u00e1\u0161\u00ed to [&hellip;]","datePublished":"2023-07-31","dateModified":"2023-07-31","author":{"@type":"Person","@id":"https:\/\/www.aligno.cz\/author\/devene\/#Person","name":"devene","url":"https:\/\/www.aligno.cz\/author\/devene\/","identifier":1,"image":{"@type":"ImageObject","@id":"https:\/\/secure.gravatar.com\/avatar\/75822ebcb33f26a58f54da5d813b950f2ea435f36540e293975e215a51d4a023?s=96&d=mm&r=g","url":"https:\/\/secure.gravatar.com\/avatar\/75822ebcb33f26a58f54da5d813b950f2ea435f36540e293975e215a51d4a023?s=96&d=mm&r=g","height":96,"width":96}},"publisher":{"@type":"Organization","name":"aligno.cz","logo":{"@type":"ImageObject","@id":"\/logo.png","url":"\/logo.png","width":600,"height":60}},"url":"https:\/\/www.aligno.cz\/cenove-dostupna-mista-pobytu-pro-letni-dovolenou-je-tu-pro-vas\/","wordCount":230,"articleBody":"Pokud se u\u017e nem\u016f\u017eete do\u010dkat dne, kdy kone\u010dn\u011b budete m\u00edt dovolenou, kterou ale zat\u00edm nev\u00edte, kde str\u00e1v\u00edte, pak se rozhodn\u011b obra\u0165te na speci\u00e1ln\u00ed nab\u00eddku internetov\u00e9ho port\u00e1lu, kter\u00fd v\u00e1m p\u0159in\u00e1\u0161\u00ed to nej\u0161ir\u0161\u00ed spektrum m\u00edst k pobytu, kde m\u016f\u017eete svou dovolenou str\u00e1vit. M\u00e1te ale spoustu po\u017eadavk\u016f, kv\u016fli kter\u00fdm m\u00e1te strach, \u017ee stejn\u011b \u017e\u00e1dn\u00e9 vhodn\u00e9 m\u00edsto nenaleznete, pak i s t\u00edmto probl\u00e9mem si ur\u010dit\u011b jednodu\u0161e porad\u00edte, nebo\u0165 v tomto port\u00e1lu si m\u016f\u017eete navolit, jak\u00e9 po\u017eadavky m\u00e1te, a podle toho se v\u00e1m vybere to nejvhodn\u011bj\u0161\u00ed ubytov\u00e1n\u00ed chorvatsko. Proto ne\u010dekejte, a vyu\u017eijte nab\u00eddky tohoto skv\u011bl\u00e9ho port\u00e1lu je\u0161t\u011b dnes.Vyu\u017eijte je\u0161t\u011b dnes speci\u00e1ln\u00ed nab\u00eddky mo\u017enost\u00ed jak se ubytovat v ChorvatskuNe\u010dekejte, a pokud je\u0161t\u011b nem\u00e1te za\u0159\u00edzen\u00e9, v jak\u00e9 lokalit\u011b budete tr\u00e1vit svou dovolenou v Chorvatsku, pak s t\u00edm ur\u010dit\u011b za\u010dn\u011bte n\u011bco d\u011blat, a to je\u0161t\u011b dnes. V t\u011bchto ji\u017e zmi\u0148ovan\u00fdch internetov\u00fdch str\u00e1nk\u00e1ch m\u016f\u017eete naj\u00edt takov\u00e9 mo\u017enosti ubytov\u00e1n\u00ed chorvatsko, ze kter\u00fdch si zaru\u010den\u011b vyberete to nejvhodn\u011bj\u0161\u00ed p\u0159esn\u011b pro va\u0161i letn\u00ed dovolenou.                                                                                                                                                                                                                                                                                                                                                                                                "},{"@context":"https:\/\/schema.org\/","@type":"BreadcrumbList","itemListElement":[{"@type":"ListItem","position":1,"name":"Cenov\u011b dostupn\u00e1 m\u00edsta pobyt\u016f pro letn\u00ed dovolenou je tu pro v\u00e1s","item":"https:\/\/www.aligno.cz\/cenove-dostupna-mista-pobytu-pro-letni-dovolenou-je-tu-pro-vas\/#breadcrumbitem"}]}]