[{"@context":"https:\/\/schema.org\/","@type":"Article","@id":"https:\/\/www.aligno.cz\/dovolena-v-ceskych-budejovicich-neni-jen-dovolenou-ve-meste\/#Article","mainEntityOfPage":"https:\/\/www.aligno.cz\/dovolena-v-ceskych-budejovicich-neni-jen-dovolenou-ve-meste\/","headline":"Dovolen\u00e1 v \u010cesk\u00fdch Bud\u011bjovic\u00edch nen\u00ed jen dovolenou ve m\u011bst\u011b","name":"Dovolen\u00e1 v \u010cesk\u00fdch Bud\u011bjovic\u00edch nen\u00ed jen dovolenou ve m\u011bst\u011b","description":"\u010cesk\u00e9 Bud\u011bjovice se \u0159ad\u00ed mezi m\u011bstsk\u00e9 aglomerace s historick\u00fdmi j\u00e1dry a snadno se o tom p\u0159esv\u011bd\u010d\u00edte, jestli\u017ee se ocitnete na okraji n\u00e1m\u011bst\u00ed P\u0159emysla Otakara II., a budete m\u00edt za z\u00e1dy [&hellip;]","datePublished":"2022-09-10","dateModified":"2023-05-03","author":{"@type":"Person","@id":"https:\/\/www.aligno.cz\/author\/devene\/#Person","name":"devene","url":"https:\/\/www.aligno.cz\/author\/devene\/","identifier":1,"image":{"@type":"ImageObject","@id":"https:\/\/secure.gravatar.com\/avatar\/75822ebcb33f26a58f54da5d813b950f2ea435f36540e293975e215a51d4a023?s=96&d=mm&r=g","url":"https:\/\/secure.gravatar.com\/avatar\/75822ebcb33f26a58f54da5d813b950f2ea435f36540e293975e215a51d4a023?s=96&d=mm&r=g","height":96,"width":96}},"publisher":{"@type":"Organization","name":"aligno.cz","logo":{"@type":"ImageObject","@id":"\/logo.png","url":"\/logo.png","width":600,"height":60}},"image":{"@type":"ImageObject","@id":"https:\/\/www.aligno.cz\/wp-content\/uploads\/old-town-square-g5e81ba1e7_640.jpg","url":"https:\/\/www.aligno.cz\/wp-content\/uploads\/old-town-square-g5e81ba1e7_640.jpg","height":0,"width":0},"url":"https:\/\/www.aligno.cz\/dovolena-v-ceskych-budejovicich-neni-jen-dovolenou-ve-meste\/","about":["Business"],"wordCount":460,"articleBody":"   \u010cesk\u00e9 Bud\u011bjovice se \u0159ad\u00ed mezi m\u011bstsk\u00e9 aglomerace s historick\u00fdmi j\u00e1dry a snadno se o tom p\u0159esv\u011bd\u010d\u00edte, jestli\u017ee se ocitnete na okraji n\u00e1m\u011bst\u00ed P\u0159emysla Otakara II., a budete m\u00edt za z\u00e1dy \u010cernou v\u011b\u017e. P\u0159ed v\u00e1mi se rozev\u0159e \u00fachvatn\u00fd pohled na architekturu, z n\u00ed\u017e na v\u00e1s d\u00fdchne atmosf\u00e9ra mnohem klidn\u011bj\u0161\u00ed, ne\u017e jak\u00e1 panuje na m\u011bstsk\u00fdch panelov\u00fdch s\u00eddli\u0161t\u00edch. Prohl\u00e9dnout si j\u00e1dro \u010cesk\u00fdch Bud\u011bjovic kolem soutoku Mal\u0161e s Vltavou doporu\u010dujeme ka\u017ed\u00e9mu z v\u00e1s, kdo se odhodl\u00e1 tr\u00e1vit tu voln\u00fd \u010das, je tu nav\u00edc prost\u0159ed\u00ed velmi malebn\u00e9 a poutav\u00e9 a je docela pravd\u011bpodobn\u00e9, \u017ee v\u00e1s toto m\u00edsto oslov\u00ed.R\u00e1di bychom v\u00e1m v\u0161ak p\u0159ipomn\u011bli, \u017ee tento region  http:\/\/cerna-louka.cz\/cs\/dovolena-a-region-lazenstvi-2017 m\u00e1 sv\u00e1 kouzla i mimo prostor, ohrani\u010den\u00fd kdysi d\u00e1vno m\u011bstsk\u00fdmi hradbami, a \u017ee se sem m\u016f\u017eete vypravit kv\u016fli jin\u00fdm p\u0159ednostem.Blansk\u00fd les \u2013 Kle\u0165 je nejvy\u0161\u0161\u00ed vrchol Blansk\u00e9ho lesa a m\u016f\u017eete k n\u011bmu vystoupat bu\u010f p\u011b\u0161ky, na kole anebo seda\u010dkovou lanovkou. Pohled z rozhledny na Kleti si nenechte uj\u00edt, je nesm\u00edrn\u011b zaj\u00edmav\u00fd u\u017e jen proto, \u017ee tu spat\u0159\u00edte kontrast mezi poho\u0159\u00edm a \u010ceskobud\u011bjovickou p\u00e1nv\u00ed. Dohl\u00e9dnete odtud jak na samotnou m\u011bstskou z\u00e1stavbu, tak i k z\u00e1mku v Hlubok\u00e9 nad Vltavou.Sou\u010d\u00e1st\u00ed Blansk\u00e9ho lesa je i kr\u00e1sn\u00e1 krajina pod\u00e9l \u0159eky Vltavy. Doporu\u010dit bychom v\u00e1m mohli prohl\u00e9dnout si z\u0159\u00edceninu hradu D\u00edv\u010d\u00ed K\u00e1men, obec T\u0159\u00edsov s n\u00e1vr\u0161\u00edm Nad vs\u00ed, odkud je n\u00e1dhern\u00fd v\u00fdhled, \u00fadol\u00ed K\u0159em\u017esk\u00e9ho potoka a kl\u00e1\u0161ter Zlat\u00e1 Koruna s jeho bl\u00edzk\u00fdm okol\u00edm.Jestli\u017ee si zajist\u00edte levn\u00e9 ubytov\u00e1n\u00ed v \u010cesk\u00fdch Bud\u011bjovic\u00edch a okol\u00ed, m\u016f\u017eete se vypravit i ke splouv\u00e1n\u00ed Vltavy. Po t\u00e9 byste se mohli plavit a\u017e do \u010cesk\u00fdch Bud\u011bjovic, kde budete m\u00edt zaji\u0161t\u011bn\u00e9 z\u00e1zem\u00ed v n\u011bkter\u00e9m z m\u00edstn\u00edch penzion\u016f v\u010detn\u011b sprchy a pohodln\u00e9ho l\u016f\u017eka. Vym\u011bn\u00edte je tak za span\u00ed pod stanem v kempech, kter\u00e9 vod\u00e1ky prov\u00e1z\u00ed. Pokud v\u00e1s plavba po Vltav\u011b l\u00e1k\u00e1, doporu\u010dujeme ji absolvovat mimo hlavn\u00ed sez\u00f3nu, nap\u0159. v polovin\u011b \u010dervna nebo a\u017e na konci srpna, abyste se vyhnuli dav\u016fm vod\u00e1k\u016f. Splouv\u00e1n\u00ed je ide\u00e1ln\u00ed z Vy\u0161\u0161\u00edho Brodu s kempov\u00e1n\u00edm v Ro\u017emberku nad Vltavou, v Nov\u00e9m Spol\u00ed, ve Zlat\u00e9 Korun\u011b a pod hradem D\u00edv\u010d\u00ed K\u00e1men.                                                                                                                                                                                                                                                                                                                                                                                                  "},{"@context":"https:\/\/schema.org\/","@type":"BreadcrumbList","itemListElement":[{"@type":"ListItem","position":1,"name":"Dovolen\u00e1 v \u010cesk\u00fdch Bud\u011bjovic\u00edch nen\u00ed jen dovolenou ve m\u011bst\u011b","item":"https:\/\/www.aligno.cz\/dovolena-v-ceskych-budejovicich-neni-jen-dovolenou-ve-meste\/#breadcrumbitem"}]}]