[{"@context":"https:\/\/schema.org\/","@type":"Article","@id":"https:\/\/www.aligno.cz\/dum-na-vesnici\/#Article","mainEntityOfPage":"https:\/\/www.aligno.cz\/dum-na-vesnici\/","headline":"D\u016fm na vesnici","name":"D\u016fm na vesnici","description":"Kdy\u017e jsme s partnerem, je\u0161t\u011b bydleli v mal\u00e9 garsonce v mal\u00e9m byt\u011b, tak jsme si \u0159ekli, \u017ee a\u017e budeme m\u00edt rodinu, \u017ee si se\u017eeneme t\u0159eba n\u011bjak\u00fd men\u0161\u00ed dome\u010dek n\u011bkde na [&hellip;]","datePublished":"2024-02-28","dateModified":"2024-02-28","author":{"@type":"Person","@id":"https:\/\/www.aligno.cz\/author\/devene\/#Person","name":"devene","url":"https:\/\/www.aligno.cz\/author\/devene\/","identifier":1,"image":{"@type":"ImageObject","@id":"https:\/\/secure.gravatar.com\/avatar\/75822ebcb33f26a58f54da5d813b950f2ea435f36540e293975e215a51d4a023?s=96&d=mm&r=g","url":"https:\/\/secure.gravatar.com\/avatar\/75822ebcb33f26a58f54da5d813b950f2ea435f36540e293975e215a51d4a023?s=96&d=mm&r=g","height":96,"width":96}},"publisher":{"@type":"Organization","name":"aligno.cz","logo":{"@type":"ImageObject","@id":"\/logo.png","url":"\/logo.png","width":600,"height":60}},"image":{"@type":"ImageObject","@id":"https:\/\/www.aligno.cz\/wp-content\/uploads\/house-6387074_960_720.jpg","url":"https:\/\/www.aligno.cz\/wp-content\/uploads\/house-6387074_960_720.jpg","height":0,"width":0},"url":"https:\/\/www.aligno.cz\/dum-na-vesnici\/","about":["D\u016fm"],"wordCount":455,"articleBody":"Kdy\u017e jsme s partnerem, je\u0161t\u011b bydleli v mal\u00e9 garsonce v mal\u00e9m byt\u011b, tak jsme si \u0159ekli, \u017ee a\u017e budeme m\u00edt rodinu, \u017ee si se\u017eeneme t\u0159eba n\u011bjak\u00fd men\u0161\u00ed dome\u010dek n\u011bkde na vesnici. A kdy\u017e jsem potom ot\u011bhotn\u011bla, tak se stalo opravdu n\u011bco hrozn\u00e9ho. V\u016fbec jsem tomu nerozum\u011bla. M\u016fj partner se se mnou roze\u0161el. A to u\u017e jsme m\u011bli na internetu vybran\u00fd kr\u00e1sn\u00fd d\u016fm. V\u016fbec jsem tohle nech\u00e1pala, nakonec jsem se dozv\u011bd\u011bla, \u017ee partner se zamiloval. Mimo jin\u00e9 d\u00edvky a byla to d\u00edvka, se kterou chodil \u010dty\u0159i roky p\u0159ede mnou chodil spolu t\u00e9m\u011b\u0159 deset let. J\u00e1 sice ch\u00e1pu, \u017ee se mnou chodil pouze jenom p\u00e1r m\u011bs\u00edc\u016f, ale ot\u011bhotn\u011bla jsem a byla jsem z toho velice ne\u0161\u0165astn\u00e1.Co nyn\u00ed m\u00e1m d\u011blat? Samoz\u0159ejm\u011b, \u017ee jsem si d\u00edt\u011b nechala a necht\u011bla jsem v\u016fbec j\u00edt na potrat, ale byla jsem z toho velice ne\u0161\u0165astn\u00e1. Nev\u011bd\u011bla jsem, co m\u00e1m d\u011blat, m\u011bli jsme u\u017e tak\u00e9 vybran\u00fd d\u016fm, jak jsem ji\u017e zm\u00ednila a tak\u00e9 jsme se tam m\u011bli pr\u00e1v\u011b druh\u00fd den se j\u00edt pod\u00edvat. Partnerovi jsem st\u00e1le vykl\u00e1dala, pro\u010d tohle ud\u011bl\u00e1 a pro\u010d zrovna te\u010f, kdy\u017e jsem t\u011bhotn\u00e1 a kdy\u017e m\u00e1me vybran\u00fd d\u016fm, m\u011bli jsme sen, \u017ee si vybereme kr\u00e1sn\u00fd d\u016fm na vesnici a tohle jsme pr\u00e1v\u011b m\u011bli vybran\u00e9.Tak kdy\u017e jsme si \u0159\u00edkali, \u017ee kdy\u017e budeme m\u00edt d\u016fm, \u017ee tam je tak\u00e9 opravdu kr\u00e1sn\u00e1 velik\u00e1 zahrada, kde si po\u0159\u00edd\u00edme zahradn\u00ed n\u00e1bytek a tak\u00e9, \u017ee budeme chovat ovce a kozy, jak jsme si sl\u00edbili, proto\u017ee m\u016fj partner v\u017edycky, kdy\u017e byl mal\u00fd, tak jeho rodi\u010de chovali ovce a kozy a tak\u00e9 slepice a \u0159ekli jsme si, \u017ee kdy\u017e budeme m\u00edt n\u011bjak\u00fd mal\u00fd dome\u010dek nebo velk\u00fd dome\u010dek na vesnici, \u017ee i tohle tam budeme chovat. A tak, jak jsem si p\u0159edstavovala, \u017ee si po\u0159\u00edd\u00edme t\u0159eba kr\u00e1sn\u00e9ho n\u011bmeck\u00e9ho ov\u010d\u00e1ka a potom tak\u00e9 je\u0161t\u011b mal\u00e9ho gau\u010dov\u00e9ho pejska, jak jsem si v\u017edycky p\u0159\u00e1la. A m\u016fj partner s t\u00edmhle v\u0161\u00edm souhlasil, tak\u017ee nech\u00e1pu, jak se mohl zamilovat zp\u00e1tky do sv\u00e9 b\u00fdval\u00e9 p\u0159\u00edtelkyn\u011b, kter\u00e1 ho n\u011bkolikr\u00e1t podv\u00e1d\u011bla. A kter\u00e1 v\u016fbec necht\u011bla d\u011bti? Zat\u00edmco j\u00e1 jsem d\u011bti cht\u011bla a m\u016fj partner tak\u00e9 v\u017edycky d\u011bti cht\u011bl.\u00a0                                                                                                                                                                                                                                                                                                                                                                                                "},{"@context":"https:\/\/schema.org\/","@type":"BreadcrumbList","itemListElement":[{"@type":"ListItem","position":1,"name":"D\u016fm na vesnici","item":"https:\/\/www.aligno.cz\/dum-na-vesnici\/#breadcrumbitem"}]}]