{"@context":"https:\/\/schema.org\/","@type":"CollectionPage","@id":"https:\/\/www.aligno.cz\/dum\/#CollectionPage","headline":"D\u016fm Category","description":"","url":"https:\/\/www.aligno.cz\/dum\/","hasPart":[{"@type":"Article","@id":"https:\/\/www.aligno.cz\/dum-je-lepsi-pro-nasi-mysl\/","headline":"D\u016fm je lep\u0161\u00ed pro na\u0161i mysl","url":"https:\/\/www.aligno.cz\/dum-je-lepsi-pro-nasi-mysl\/","datePublished":"2024-09-29","dateModified":"2024-09-29","mainEntityOfPage":"https:\/\/www.aligno.cz\/dum-je-lepsi-pro-nasi-mysl\/","author":{"@type":"Person","@id":"https:\/\/www.aligno.cz\/author\/devene\/#Person","name":"devene","url":"https:\/\/www.aligno.cz\/author\/devene\/","identifier":1,"image":{"@type":"ImageObject","@id":"https:\/\/secure.gravatar.com\/avatar\/75822ebcb33f26a58f54da5d813b950f2ea435f36540e293975e215a51d4a023?s=96&d=mm&r=g","url":"https:\/\/secure.gravatar.com\/avatar\/75822ebcb33f26a58f54da5d813b950f2ea435f36540e293975e215a51d4a023?s=96&d=mm&r=g","height":96,"width":96}},"publisher":{"@type":"Organization","name":"aligno.cz","logo":{"@type":"ImageObject","@id":"\/logo.png","url":"\/logo.png","width":600,"height":60}},"image":{"@type":"ImageObject","@id":"https:\/\/www.aligno.cz\/wp-content\/uploads\/new-home-2079628_640_1.jpg","url":"https:\/\/www.aligno.cz\/wp-content\/uploads\/new-home-2079628_640_1.jpg","height":0,"width":0},"keywords":null},{"@type":"Article","@id":"https:\/\/www.aligno.cz\/dum-na-vesnici\/","headline":"D\u016fm na vesnici","url":"https:\/\/www.aligno.cz\/dum-na-vesnici\/","datePublished":"2024-02-28","dateModified":"2024-02-28","mainEntityOfPage":"https:\/\/www.aligno.cz\/dum-na-vesnici\/","author":{"@type":"Person","@id":"https:\/\/www.aligno.cz\/author\/devene\/#Person","name":"devene","url":"https:\/\/www.aligno.cz\/author\/devene\/","identifier":1,"image":{"@type":"ImageObject","@id":"https:\/\/secure.gravatar.com\/avatar\/75822ebcb33f26a58f54da5d813b950f2ea435f36540e293975e215a51d4a023?s=96&d=mm&r=g","url":"https:\/\/secure.gravatar.com\/avatar\/75822ebcb33f26a58f54da5d813b950f2ea435f36540e293975e215a51d4a023?s=96&d=mm&r=g","height":96,"width":96}},"publisher":{"@type":"Organization","name":"aligno.cz","logo":{"@type":"ImageObject","@id":"\/logo.png","url":"\/logo.png","width":600,"height":60}},"image":{"@type":"ImageObject","@id":"https:\/\/www.aligno.cz\/wp-content\/uploads\/house-6387074_960_720.jpg","url":"https:\/\/www.aligno.cz\/wp-content\/uploads\/house-6387074_960_720.jpg","height":0,"width":0},"keywords":null},{"@type":"Article","@id":"https:\/\/www.aligno.cz\/pocitac-zmeni-i-zivot-k-lepsimu\/","headline":"Po\u010d\u00edta\u010d zm\u011bn\u00ed i \u017eivot k lep\u0161\u00edmu","url":"https:\/\/www.aligno.cz\/pocitac-zmeni-i-zivot-k-lepsimu\/","datePublished":"2023-08-28","dateModified":"2024-03-28","mainEntityOfPage":"https:\/\/www.aligno.cz\/pocitac-zmeni-i-zivot-k-lepsimu\/","author":{"@type":"Person","@id":"https:\/\/www.aligno.cz\/author\/devene\/#Person","name":"devene","url":"https:\/\/www.aligno.cz\/author\/devene\/","identifier":1,"image":{"@type":"ImageObject","@id":"https:\/\/secure.gravatar.com\/avatar\/75822ebcb33f26a58f54da5d813b950f2ea435f36540e293975e215a51d4a023?s=96&d=mm&r=g","url":"https:\/\/secure.gravatar.com\/avatar\/75822ebcb33f26a58f54da5d813b950f2ea435f36540e293975e215a51d4a023?s=96&d=mm&r=g","height":96,"width":96}},"publisher":{"@type":"Organization","name":"aligno.cz","logo":{"@type":"ImageObject","@id":"\/logo.png","url":"\/logo.png","width":600,"height":60}},"image":{"@type":"ImageObject","@id":"https:\/\/www.aligno.cz\/wp-content\/uploads\/house-1836070_1280%20(1)_1.jpg","url":"https:\/\/www.aligno.cz\/wp-content\/uploads\/house-1836070_1280%20(1)_1.jpg","height":0,"width":0},"keywords":null},{"@type":"Article","@id":"https:\/\/www.aligno.cz\/rodina-je-zaklad-statu\/","headline":"Rodina je z\u00e1klad st\u00e1tu","url":"https:\/\/www.aligno.cz\/rodina-je-zaklad-statu\/","datePublished":"2022-12-11","dateModified":"2023-05-03","mainEntityOfPage":"https:\/\/www.aligno.cz\/rodina-je-zaklad-statu\/","author":{"@type":"Person","@id":"https:\/\/www.aligno.cz\/author\/devene\/#Person","name":"devene","url":"https:\/\/www.aligno.cz\/author\/devene\/","identifier":1,"image":{"@type":"ImageObject","@id":"https:\/\/secure.gravatar.com\/avatar\/75822ebcb33f26a58f54da5d813b950f2ea435f36540e293975e215a51d4a023?s=96&d=mm&r=g","url":"https:\/\/secure.gravatar.com\/avatar\/75822ebcb33f26a58f54da5d813b950f2ea435f36540e293975e215a51d4a023?s=96&d=mm&r=g","height":96,"width":96}},"publisher":{"@type":"Organization","name":"aligno.cz","logo":{"@type":"ImageObject","@id":"\/logo.png","url":"\/logo.png","width":600,"height":60}},"image":{"@type":"ImageObject","@id":"https:\/\/www.aligno.cz\/wp-content\/uploads\/hands-g07b043ded_640.jpg","url":"https:\/\/www.aligno.cz\/wp-content\/uploads\/hands-g07b043ded_640.jpg","height":0,"width":0},"keywords":null},{"@type":"Article","@id":"https:\/\/www.aligno.cz\/co-je-dulezite-pri-vyberu-sedaci-soupravy\/","headline":"Co je d\u016fle\u017eit\u00e9 p\u0159i v\u00fdb\u011bru sedac\u00ed soupravy?","url":"https:\/\/www.aligno.cz\/co-je-dulezite-pri-vyberu-sedaci-soupravy\/","datePublished":"2019-08-07","dateModified":"2019-08-07","mainEntityOfPage":"https:\/\/www.aligno.cz\/co-je-dulezite-pri-vyberu-sedaci-soupravy\/","author":{"@type":"Person","@id":"https:\/\/www.aligno.cz\/author\/devene\/#Person","name":"devene","url":"https:\/\/www.aligno.cz\/author\/devene\/","identifier":1,"image":{"@type":"ImageObject","@id":"https:\/\/secure.gravatar.com\/avatar\/75822ebcb33f26a58f54da5d813b950f2ea435f36540e293975e215a51d4a023?s=96&d=mm&r=g","url":"https:\/\/secure.gravatar.com\/avatar\/75822ebcb33f26a58f54da5d813b950f2ea435f36540e293975e215a51d4a023?s=96&d=mm&r=g","height":96,"width":96}},"publisher":{"@type":"Organization","name":"aligno.cz","logo":{"@type":"ImageObject","@id":"\/logo.png","url":"\/logo.png","width":600,"height":60}},"image":{"@type":"ImageObject","@id":"https:\/\/www.aligno.cz\/wp-content\/uploads\/img_a353837_w3777_t1568454471.jpg","url":"https:\/\/www.aligno.cz\/wp-content\/uploads\/img_a353837_w3777_t1568454471.jpg","height":0,"width":0},"keywords":null}]}