[{"@context":"https:\/\/schema.org\/","@type":"Article","@id":"https:\/\/www.aligno.cz\/firmy-sidlo-potrebuji\/#Article","mainEntityOfPage":"https:\/\/www.aligno.cz\/firmy-sidlo-potrebuji\/","headline":"Firmy s\u00eddlo pot\u0159ebuj\u00ed","name":"Firmy s\u00eddlo pot\u0159ebuj\u00ed","description":"Nen\u00ed v\u016fbec mysliteln\u00e9, \u017ee by se mohla n\u011bjak\u00e1 firma obej\u00edt bez sv\u00e9ho s\u00eddla. Jednak to vy\u017eaduj\u00ed \u00fa\u0159ady, jednak je to ale i ot\u00e1zka jej\u00edho fungov\u00e1n\u00ed, proto\u017ee firma, kter\u00e1 nikde nes\u00eddl\u00ed, [&hellip;]","datePublished":"2022-09-17","dateModified":"2023-05-18","author":{"@type":"Person","@id":"https:\/\/www.aligno.cz\/author\/devene\/#Person","name":"devene","url":"https:\/\/www.aligno.cz\/author\/devene\/","identifier":1,"image":{"@type":"ImageObject","@id":"https:\/\/secure.gravatar.com\/avatar\/75822ebcb33f26a58f54da5d813b950f2ea435f36540e293975e215a51d4a023?s=96&d=mm&r=g","url":"https:\/\/secure.gravatar.com\/avatar\/75822ebcb33f26a58f54da5d813b950f2ea435f36540e293975e215a51d4a023?s=96&d=mm&r=g","height":96,"width":96}},"publisher":{"@type":"Organization","name":"aligno.cz","logo":{"@type":"ImageObject","@id":"\/logo.png","url":"\/logo.png","width":600,"height":60}},"image":{"@type":"ImageObject","@id":"https:\/\/www.aligno.cz\/wp-content\/uploads\/firemn%C3%AD%20objekt_2.jpg","url":"https:\/\/www.aligno.cz\/wp-content\/uploads\/firemn%C3%AD%20objekt_2.jpg","height":0,"width":0},"url":"https:\/\/www.aligno.cz\/firmy-sidlo-potrebuji\/","about":["Business"],"wordCount":422,"articleBody":"   Nen\u00ed v\u016fbec mysliteln\u00e9, \u017ee by se mohla n\u011bjak\u00e1 firma obej\u00edt bez sv\u00e9ho s\u00eddla. Jednak to vy\u017eaduj\u00ed \u00fa\u0159ady, jednak je to ale i ot\u00e1zka jej\u00edho fungov\u00e1n\u00ed, proto\u017ee firma, kter\u00e1 nikde nes\u00eddl\u00ed, nem\u016f\u017ee b\u00fdt logicky nik\u00fdm ani kontaktov\u00e1na a vyu\u017e\u00edv\u00e1na. A kdyby to bylo osudem n\u011bjak\u00e9ho podniku, hodn\u011b rychle by tento zkrachoval. U\u017e od sam\u00e9ho po\u010d\u00e1tku by byl p\u0159edur\u010den k bankrotu.Jen\u017ee firmy nevznikaj\u00ed proto, aby nefungovaly a krachovaly. Ty jsou od toho, aby si k nim na\u0161li z\u00e1kazn\u00edci cestu a aby vyn\u00e1\u0161ely, a rovn\u011b\u017e \u00fa\u0159ady a kdo v\u00ed, kdo v\u0161echno je\u0161t\u011b, je mus\u00ed v p\u0159\u00edpad\u011b pot\u0159eby nach\u00e1zet tak\u00e9. A tak si logicky ka\u017ed\u00e1 firma zav\u010dasu sv\u00e9 s\u00eddlo za\u0159\u00edd\u00ed. N\u011bjak\u00fd ten objekt, ve kter\u00e9m by mohla ofici\u00e1ln\u011b s\u00eddlit, se najde.Jen\u017ee ne ka\u017ed\u00e9 s\u00eddlo je v\u017edy ide\u00e1ln\u00ed volbou. Je pochopiteln\u00e9, \u017ee n\u011bkdy nen\u00ed vhodn\u00e9, kdy\u017e se s\u00eddl\u00ed n\u011bkde na zapadl\u00e9 periferii, na venkov\u011b nebo v nev\u00e1bn\u011b vypadaj\u00edc\u00ed uli\u010dce pochybn\u00e9 m\u011bstsk\u00e9 \u010dtvrti, proto\u017ee to nevzbuzuje logicky \u017e\u00e1dnou zvl\u00e1\u0161tn\u00ed d\u016fv\u011bru v podobn\u00fd podnik. A na d\u016fv\u011b\u0159e vesm\u011bs hodn\u011b z\u00e1le\u017e\u00ed.A kdy\u017e tedy chce n\u011bkdo z podnikatel\u016f vypadat seri\u00f3zn\u011b nebi p\u0159\u00edmo hogo fogo, mus\u00ed si sehnat tomuto \u00fa\u010delu odpov\u00eddaj\u00edc\u00ed m\u00edsto. Co\u017e je ale \u010dasto probl\u00e9m, proto\u017ee atraktivn\u00edch budov pro firemn\u00ed s\u00eddla nen\u00ed nikdy dost a jsou samoz\u0159ejm\u011b i sakra drah\u00e9. Tak, \u017ee si tam leckdo nem\u016f\u017ee dovolit s\u00eddlit.A jak to za\u0159\u00eddit, aby m\u011bl \u010dlov\u011bk za p\u00e1r drobn\u00fdch skv\u011bl\u00e9 firemn\u00ed s\u00eddlo? \u017de to nejde? V\u011b\u0159te mi, \u017ee to jde. Ono toti\u017e nemus\u00ed b\u00fdt takov\u00e9 reprezentativn\u00ed s\u00eddlo nezbytn\u011b vlastn\u00ed, nemus\u00ed v n\u011bm s\u00eddl\u00edc\u00edmu podnikateli pat\u0159it. A tento v n\u011bm vlastn\u011b ani nemus\u00ed pracovat. M\u016f\u017ee tu m\u00edt sice adresu, ale pracovat m\u016f\u017ee n\u011bkde docela jinde. A tak \u010dasto p\u0159ich\u00e1zej\u00ed ke slovu virtu\u00e1ln\u00ed s\u00eddla.Takov\u00e9 virtu\u00e1ln\u00ed s\u00eddlo Ostrava https:\/\/kancelar29.cz\/virtualni-kancelar-sidlo-firmy-ostrava\/ toti\u017e skute\u010dn\u011b neslou\u017e\u00ed k tomu, aby se p\u0159\u00edmo v n\u011bm podnikalo. Ale slou\u017e\u00ed jen pro reprezentaci a pro za\u0159izov\u00e1n\u00ed si minima nab\u00edzej\u00edc\u00edch se slu\u017eeb. \u010c\u00edm\u017e je rovn\u011b\u017e v\u00fdhodn\u00e9.                                                                                                                                                                                                                                                                                                                                                                                                  "},{"@context":"https:\/\/schema.org\/","@type":"BreadcrumbList","itemListElement":[{"@type":"ListItem","position":1,"name":"Firmy s\u00eddlo pot\u0159ebuj\u00ed","item":"https:\/\/www.aligno.cz\/firmy-sidlo-potrebuji\/#breadcrumbitem"}]}]