[{"@context":"https:\/\/schema.org\/","@type":"Article","@id":"https:\/\/www.aligno.cz\/muzi-a-jejich-postoj-k-egu-a-sobectvi\/#Article","mainEntityOfPage":"https:\/\/www.aligno.cz\/muzi-a-jejich-postoj-k-egu-a-sobectvi\/","headline":"Mu\u017ei a jejich postoj k egu a sobectv\u00ed","name":"Mu\u017ei a jejich postoj k egu a sobectv\u00ed","description":"Mu\u017ei se samoz\u0159ejm\u011b hodn\u011b li\u0161\u00ed od \u017een. A to nejen po fyzick\u00e9, ale i po psychick\u00e9 str\u00e1nce. Zat\u00edmco u \u017een je zcela norm\u00e1ln\u00ed bre\u010det jak v soukrom\u00ed, tak i na [&hellip;]","datePublished":"2022-03-09","dateModified":"2023-05-03","author":{"@type":"Person","@id":"https:\/\/www.aligno.cz\/author\/devene\/#Person","name":"devene","url":"https:\/\/www.aligno.cz\/author\/devene\/","identifier":1,"image":{"@type":"ImageObject","@id":"https:\/\/secure.gravatar.com\/avatar\/75822ebcb33f26a58f54da5d813b950f2ea435f36540e293975e215a51d4a023?s=96&d=mm&r=g","url":"https:\/\/secure.gravatar.com\/avatar\/75822ebcb33f26a58f54da5d813b950f2ea435f36540e293975e215a51d4a023?s=96&d=mm&r=g","height":96,"width":96}},"publisher":{"@type":"Organization","name":"aligno.cz","logo":{"@type":"ImageObject","@id":"\/logo.png","url":"\/logo.png","width":600,"height":60}},"image":{"@type":"ImageObject","@id":"https:\/\/www.aligno.cz\/wp-content\/uploads\/man-2037255_640%20(1)_1.jpg","url":"https:\/\/www.aligno.cz\/wp-content\/uploads\/man-2037255_640%20(1)_1.jpg","height":0,"width":0},"url":"https:\/\/www.aligno.cz\/muzi-a-jejich-postoj-k-egu-a-sobectvi\/","about":["Mu\u017ei"],"wordCount":499,"articleBody":"Mu\u017ei se samoz\u0159ejm\u011b hodn\u011b li\u0161\u00ed od \u017een. A to nejen po fyzick\u00e9, ale i po psychick\u00e9 str\u00e1nce. Zat\u00edmco u \u017een je zcela norm\u00e1ln\u00ed bre\u010det jak v soukrom\u00ed, tak i na ve\u0159ejnosti. Nikdo je za to neodsuzuje ani to nikdo nebere jako jejich slabost. Je to zkr\u00e1tka p\u0159irozen\u00e9. Ale tak pro\u010d pro mu\u017ee to tak \u00fapln\u011b neplat\u00ed? Mu\u017e, kdy\u017e projevuje sv\u00e9 emoce naplno je v\u011bt\u0161inou pova\u017eov\u00e1n za slabocha. V tomto sm\u011bru je spole\u010dnost pozoruhodn\u00e1. Ur\u010dit\u011b nen\u00ed dobr\u00e9 mu\u017ee posuzovat podle celku. Mu\u017e je p\u0159ece individu\u00e1ln\u00ed bytost. A ka\u017ed\u00fd je p\u0159ece \u00fapln\u011b jin\u00fd. Pojem mu\u017esk\u00e9ho ega pr\u00e1v\u011b vznikl podle toho, jak\u00e9 stereotypy jsou o mu\u017e\u00edch roz\u0161i\u0159ov\u00e1ny.Mo\u017en\u00e1 proto jsme si vytvo\u0159ili pojem jako je mu\u017esk\u00e9 ego a sobectv\u00ed. Ego znamen\u00e1 v p\u0159ekladu j\u00e1. A ano mu\u017ei jsou n\u011bkte\u0159\u00ed p\u0159ehnan\u011b egoisti\u010dt\u00ed. A to t\u0159eba v situac\u00edch, kdyby m\u011bli myslet na celek, a ne na sebe. Jako nap\u0159\u00edklad v rozhodnut\u00edch, kter\u00e9 se t\u00fdkaj\u00ed cel\u00e9 jeho rodiny. Mu\u017ei tak\u00e9 d\u00edky sv\u00e9mu egu kladou vlastn\u00ed z\u00e1jmy v\u017edy na prvn\u00edm m\u00edst\u011b. Ego n\u00e1m d\u00e1le pom\u00e1h\u00e1 udr\u017eovat zdrav\u00e9 vztahy. Ale samoz\u0159ejm\u011b se to nesm\u00ed v \u017e\u00e1dn\u00e9m p\u0159\u00edpad\u011b p\u0159eh\u00e1n\u011bt. V\u0161e se mus\u00ed udr\u017eovat v harmonii. Nen\u00ed dobr\u00e9, kdy\u017e je ego p\u0159\u00edli\u0161 vysok\u00e9, ale nem\u011blo by b\u00fdt ani p\u0159\u00edli\u0161 mal\u00e9. Mu\u017ei jsou natolik ovliv\u0148ov\u00e1ni stereotypy a p\u0159esv\u011bd\u010den\u00edmi, kter\u00e9 se jich t\u00fdkaj\u00ed. Nap\u0159\u00edklad vlastn\u011b ani nev\u00ed, jak se z nich stali fotbalov\u00ed nad\u0161enci nap\u0159\u00edklad. Nebo pro\u010d tak r\u00e1di chod\u00ed do hospody a na pivo. V t\u011bchto okam\u017eic\u00edch se mu\u017esk\u00e9 ego propojuje s ostatn\u00edmi. Mu\u017ei byli po stalet\u00ed vychov\u00e1v\u00e1ni tak, aby vykon\u00e1vali mu\u017esk\u00e9 a d\u016fle\u017eit\u00e9 funkce, kde se emoce na odiv ned\u00e1vaj\u00ed. V\u011b\u0159ili, \u017ee emoce musej\u00ed j\u00edt stranou. A \u017ee do pop\u0159ed\u00ed se za ka\u017edou cenu dost\u00e1v\u00e1 fyzick\u00e1 s\u00edla. N\u011bkte\u0159\u00ed m\u00edsto toho, aby projevili smutek, vyj\u00e1d\u0159\u00ed rad\u011bji hn\u011bv. Proto\u017ee se jimi to zd\u00e1 p\u0159ijateln\u011bj\u0161\u00ed. Pokud tedy chcete, aby v\u00e1\u0161 mu\u017e zapracoval na sv\u00e9m egu a byl laskav\u011bj\u0161\u00ed. Mus\u00edte si s n\u00edm o v\u0161em po\u0159\u00e1dn\u011b promluvit. Je d\u016fle\u017eit\u00e9, aby v\u011bd\u011bl, \u017ee jeho emoce pro v\u00e1s neznamenaj\u00ed slabost, ale pr\u00e1v\u011b naopak. \u017de je pro v\u00e1s d\u016fle\u017eit\u00e9, aby sv\u00e9 city vyjad\u0159oval. A \u017ee nemus\u00edte b\u00fdt neust\u00e1le v pop\u0159ed\u00ed a v\u0161echno \u0159\u00eddit. \u017de slabost se p\u0159ipou\u0161t\u00ed a nen\u00ed na tom v\u016fbec nic \u0161patn\u00e9ho. Uka\u017ete mu svoji n\u00e1klonost a komunikujte. To je z\u00e1klad.\u00a0                                                                                                                                                                                                                                                                                                                                                                                                "},{"@context":"https:\/\/schema.org\/","@type":"BreadcrumbList","itemListElement":[{"@type":"ListItem","position":1,"name":"Mu\u017ei a jejich postoj k egu a sobectv\u00ed","item":"https:\/\/www.aligno.cz\/muzi-a-jejich-postoj-k-egu-a-sobectvi\/#breadcrumbitem"}]}]