[{"@context":"https:\/\/schema.org\/","@type":"Article","@id":"https:\/\/www.aligno.cz\/predejte-nam-puvodni-prostor-predame-vam-novy-na-klic\/#Article","mainEntityOfPage":"https:\/\/www.aligno.cz\/predejte-nam-puvodni-prostor-predame-vam-novy-na-klic\/","headline":"P\u0159edejte n\u00e1m p\u016fvodn\u00ed prostor p\u0159ed\u00e1me V\u00e1m nov\u00fd na kl\u00ed\u010d","name":"P\u0159edejte n\u00e1m p\u016fvodn\u00ed prostor p\u0159ed\u00e1me V\u00e1m nov\u00fd na kl\u00ed\u010d","description":"Sou\u010dasn\u00e9 dob\u011b plat\u00ed, \u017ee m\u00edstem, kde se nej\u010dast\u011bji setk\u00e1v\u00e1 cel\u00e1 rodina, je kuchy\u0148. Probl\u00e9mem v\u0161ak je, \u017ee pro vznik takzvan\u00e9 obytn\u00e9 kuchyn\u011b je v panel\u00e1kov\u00e9m byt\u011b v\u011bt\u0161inou pom\u011brn\u011b m\u00e1lo m\u00edsta. [&hellip;]","datePublished":"2025-03-05","dateModified":"2025-03-05","author":{"@type":"Person","@id":"https:\/\/www.aligno.cz\/author\/devene\/#Person","name":"devene","url":"https:\/\/www.aligno.cz\/author\/devene\/","identifier":1,"image":{"@type":"ImageObject","@id":"https:\/\/secure.gravatar.com\/avatar\/75822ebcb33f26a58f54da5d813b950f2ea435f36540e293975e215a51d4a023?s=96&d=mm&r=g","url":"https:\/\/secure.gravatar.com\/avatar\/75822ebcb33f26a58f54da5d813b950f2ea435f36540e293975e215a51d4a023?s=96&d=mm&r=g","height":96,"width":96}},"publisher":{"@type":"Organization","name":"aligno.cz","logo":{"@type":"ImageObject","@id":"\/logo.png","url":"\/logo.png","width":600,"height":60}},"url":"https:\/\/www.aligno.cz\/predejte-nam-puvodni-prostor-predame-vam-novy-na-klic\/","wordCount":155,"articleBody":"Sou\u010dasn\u00e9 dob\u011b plat\u00ed, \u017ee m\u00edstem, kde se nej\u010dast\u011bji setk\u00e1v\u00e1 cel\u00e1 rodina, je kuchy\u0148. Probl\u00e9mem v\u0161ak je, \u017ee pro vznik takzvan\u00e9 obytn\u00e9 kuchyn\u011b je v panel\u00e1kov\u00e9m byt\u011b v\u011bt\u0161inou pom\u011brn\u011b m\u00e1lo m\u00edsta. A tak v\u00e1m rekonstrukce byt\u016f praha nab\u00edz\u00ed p\u0159i\u0159azen\u00ed p\u0159ilehl\u00fdch prostor a zv\u011bt\u0161it tak jej\u00ed obytn\u00fd prostor.Aby va\u0161e panel\u00e1kov\u00e1 kuchy\u0148 mohla plnit funkci kuchyn\u011b obytn\u00e9, nab\u00edz\u00ed v\u00e1m rekonstrukce byt\u016f praha odstran\u011bn\u00ed n\u011bkter\u00fdch p\u0159\u00ed\u010dek a zaji\u0161t\u011bn\u00ed nejen maxim\u00e1ln\u00ed pracovn\u00ed a odkl\u00e1dac\u00ed plochy, ale um\u00edst\u011bn\u00ed nap\u0159\u00edklad pultu pro rychlou sn\u00eddani, sva\u010dinu nebo ve\u010de\u0159i a pokud to prostor dovol\u00ed, t\u0159eba i pracovn\u00ed kout \u010di hrac\u00ed kout pro d\u011bti.Rekonstruovan\u00e9 kuchyn\u011b od n\u00e1s? Kr\u00e1sn\u00e9 a praktick\u00e9!Rekonstrukce byt\u016f praha si v\u00ed v\u017edy rady.                                                                                                                                                                                                                                                                                                                                                                                                "},{"@context":"https:\/\/schema.org\/","@type":"BreadcrumbList","itemListElement":[{"@type":"ListItem","position":1,"name":"P\u0159edejte n\u00e1m p\u016fvodn\u00ed prostor p\u0159ed\u00e1me V\u00e1m nov\u00fd na kl\u00ed\u010d","item":"https:\/\/www.aligno.cz\/predejte-nam-puvodni-prostor-predame-vam-novy-na-klic\/#breadcrumbitem"}]}]