[{"@context":"https:\/\/schema.org\/","@type":"Article","@id":"https:\/\/www.aligno.cz\/proc-sverit-stehovani-profesionalum\/#Article","mainEntityOfPage":"https:\/\/www.aligno.cz\/proc-sverit-stehovani-profesionalum\/","headline":"Pro\u010d sv\u011b\u0159it st\u011bhov\u00e1n\u00ed profesion\u00e1l\u016fm","name":"Pro\u010d sv\u011b\u0159it st\u011bhov\u00e1n\u00ed profesion\u00e1l\u016fm","description":"Maj\u00ed pot\u0159ebnou techniku St\u011bhov\u00e1ci nemus\u00ed m\u00edt figuru kulturisty, i kdy\u017e samoz\u0159ejm\u011b ur\u010dit\u00fd svalov\u00fd fond m\u00edt mus\u00ed, ale dnes jim v t\u00e9to pr\u00e1ci vypom\u00e1h\u00e1 i technika. St\u011bhovac\u00ed firmy jsou vybaven\u00e9 i [&hellip;]","datePublished":"2022-10-11","dateModified":"2023-05-03","author":{"@type":"Person","@id":"https:\/\/www.aligno.cz\/author\/devene\/#Person","name":"devene","url":"https:\/\/www.aligno.cz\/author\/devene\/","identifier":1,"image":{"@type":"ImageObject","@id":"https:\/\/secure.gravatar.com\/avatar\/75822ebcb33f26a58f54da5d813b950f2ea435f36540e293975e215a51d4a023?s=96&d=mm&r=g","url":"https:\/\/secure.gravatar.com\/avatar\/75822ebcb33f26a58f54da5d813b950f2ea435f36540e293975e215a51d4a023?s=96&d=mm&r=g","height":96,"width":96}},"publisher":{"@type":"Organization","name":"aligno.cz","logo":{"@type":"ImageObject","@id":"\/logo.png","url":"\/logo.png","width":600,"height":60}},"image":{"@type":"ImageObject","@id":"https:\/\/www.aligno.cz\/wp-content\/uploads\/carton-g7614b3788_640.jpg","url":"https:\/\/www.aligno.cz\/wp-content\/uploads\/carton-g7614b3788_640.jpg","height":0,"width":0},"url":"https:\/\/www.aligno.cz\/proc-sverit-stehovani-profesionalum\/","about":["Business"],"wordCount":420,"articleBody":"   Maj\u00ed pot\u0159ebnou technikuSt\u011bhov\u00e1ci nemus\u00ed m\u00edt figuru kulturisty, i kdy\u017e samoz\u0159ejm\u011b ur\u010dit\u00fd svalov\u00fd fond m\u00edt mus\u00ed, ale dnes jim v t\u00e9to pr\u00e1ci vypom\u00e1h\u00e1 i technika. St\u011bhovac\u00ed firmy jsou vybaven\u00e9 i na r\u016fzn\u00e9 speciality, jako je staro\u017eitn\u00fd n\u00e1bytek, velk\u00e9 lustry, akv\u00e1ria, hudebn\u00ed n\u00e1stroje, nap\u0159. klav\u00edry, velkoplo\u0161n\u00e9 televizory, stroje a za\u0159\u00edzen\u00ed nebo vybaven\u00ed d\u00edlen. P\u0159est\u011bhovat se d\u00e1 v dne\u0161n\u00ed dob\u011b t\u00e9m\u011b\u0159 v\u0161e a profesion\u00e1lov\u00e9 se sna\u017e\u00ed sv\u00fdm klient\u016fm vyj\u00edt vst\u0159\u00edc, proto\u017ee v t\u00e9to bran\u017ei panuje pom\u011brn\u011b rozs\u00e1hl\u00e1 konkurence.Rozeberou i n\u00e1bytekPot\u0159ebujete-li p\u0159em\u00edstit i kuchy\u0148skou linku a na nov\u00e9m m\u00edst\u011b ji namontovat, anebo m\u00e1te vestav\u011bnou sk\u0159\u00ed\u0148 zhotovenou na m\u00edru, kter\u00e1 se rovn\u011b\u017e st\u011bhuje s v\u00e1mi, nen\u00ed pro st\u011bhovac\u00ed firmy probl\u00e9m n\u00e1bytek demontovat a znovu sestavit. Tato pr\u00e1ce je ji\u017e b\u011b\u017enou sou\u010d\u00e1st\u00ed nab\u00eddky a m\u016f\u017eete s n\u00ed po\u010d\u00edtat.Jsou poji\u0161t\u011bn\u00edSpolehliv\u00e1 st\u011bhovac\u00ed firma si nedovol\u00ed riskovat natolik, \u017ee by nebyla poji\u0161t\u011bna. St\u011bhov\u00e1n\u00ed v D\u011b\u010d\u00edn\u011b a kdekoli jinde je toti\u017e natolik n\u00e1ro\u010dn\u00fd proces, \u017ee ob\u010das doch\u00e1z\u00ed k r\u016fzn\u00fdm p\u0159ehmat\u016fm a ne\u0161\u0165astn\u00fdm ud\u00e1lostem, kdy dojde k po\u0161kozen\u00ed jak klienta, tak i jeho okol\u00ed. Zkr\u00e1tka i zku\u0161en\u00fd profesion\u00e1l m\u016f\u017ee zavadit rohem sk\u0159\u00edn\u011b o om\u00edtku a ulomit roh zdiva, anebo po\u0161kodit samotnou sk\u0159\u00ed\u0148. Nest\u00e1v\u00e1 se to sice \u010dasto, ale mus\u00ed s t\u00edm po\u010d\u00edtat ka\u017ed\u00fd z\u00e1kazn\u00edk.Dodr\u017euj\u00ed term\u00ednyJakmile se dohodnete na p\u0159esn\u00e9m datu st\u011bhov\u00e1n\u00ed, je pro st\u011bhovac\u00ed firmu z\u00e1vazn\u00e9, a nestane se, \u017ee by v\u00e1m den p\u0159edem zavolala, \u017ee jim to jaksi nevych\u00e1z\u00ed. K odvol\u00e1n\u00ed nebo p\u0159esunut\u00ed term\u00ednu na jin\u00e9 datum tak sp\u00ed\u0161e doch\u00e1z\u00ed ze strany klienta.Zajist\u00ed i vykl\u00edzen\u00edSt\u011bhovac\u00ed firmu m\u016f\u017eete po\u017e\u00e1dat i o vyklizen\u00ed bytu, domu nebo jin\u00fdch prostor, vykl\u00edzen\u00ed lze spojit i se st\u011bhov\u00e1n\u00edm, anebo m\u016f\u017ee j\u00edt o samostatnou \u010dinnost. St\u011bhovac\u00ed firmy tak\u00e9 v r\u00e1mci samostatn\u00e9 \u010dinnosti zajist\u00ed mont\u00e1\u017e n\u00e1bytku, nap\u0159\u00edklad v situaci, kdy koup\u00edte n\u00e1bytek (i kdy\u017e se nikam nest\u011bhujete) a jeho sestaven\u00ed je nad va\u0161e s\u00edly.                                                                                                                                                                                                                                                                                                                                                                                                  "},{"@context":"https:\/\/schema.org\/","@type":"BreadcrumbList","itemListElement":[{"@type":"ListItem","position":1,"name":"Pro\u010d sv\u011b\u0159it st\u011bhov\u00e1n\u00ed profesion\u00e1l\u016fm","item":"https:\/\/www.aligno.cz\/proc-sverit-stehovani-profesionalum\/#breadcrumbitem"}]}]