[{"@context":"https:\/\/schema.org\/","@type":"Article","@id":"https:\/\/www.aligno.cz\/sluzby-profesionala-sou-vzdy-dulezite\/#Article","mainEntityOfPage":"https:\/\/www.aligno.cz\/sluzby-profesionala-sou-vzdy-dulezite\/","headline":"Slu\u017eby profesion\u00e1la sou v\u017edy d\u016fle\u017eit\u00e9","name":"Slu\u017eby profesion\u00e1la sou v\u017edy d\u016fle\u017eit\u00e9","description":"Pokud si chcete kupovat jak\u00e9koli v\u00fdrobky, m\u011bli byste se v\u017edy st\u00e1t z\u00e1kazn\u00edky n\u011bkoho, kdo tomuto oboru rozum\u00ed. Jestli i vy hled\u00e1te n\u011bkoho, s jeho\u017e v\u00ed\u0159iv\u00fdmi vanami budete spokojen\u00ed, sta\u0148te se [&hellip;]","datePublished":"2024-11-20","dateModified":"2024-11-20","author":{"@type":"Person","@id":"https:\/\/www.aligno.cz\/author\/devene\/#Person","name":"devene","url":"https:\/\/www.aligno.cz\/author\/devene\/","identifier":1,"image":{"@type":"ImageObject","@id":"https:\/\/secure.gravatar.com\/avatar\/75822ebcb33f26a58f54da5d813b950f2ea435f36540e293975e215a51d4a023?s=96&d=mm&r=g","url":"https:\/\/secure.gravatar.com\/avatar\/75822ebcb33f26a58f54da5d813b950f2ea435f36540e293975e215a51d4a023?s=96&d=mm&r=g","height":96,"width":96}},"publisher":{"@type":"Organization","name":"aligno.cz","logo":{"@type":"ImageObject","@id":"\/logo.png","url":"\/logo.png","width":600,"height":60}},"url":"https:\/\/www.aligno.cz\/sluzby-profesionala-sou-vzdy-dulezite\/","wordCount":185,"articleBody":"Pokud si chcete kupovat jak\u00e9koli v\u00fdrobky, m\u011bli byste se v\u017edy st\u00e1t z\u00e1kazn\u00edky n\u011bkoho, kdo tomuto oboru rozum\u00ed. Jestli i vy hled\u00e1te n\u011bkoho, s jeho\u017e v\u00ed\u0159iv\u00fdmi vanami budete spokojen\u00ed, sta\u0148te se z\u00e1kazn\u00edky na\u0161\u00ed spole\u010dnosti. Jsme firma Spa Studio a d\u00edky mnoha let\u016fm zku\u0161enost\u00ed v\u00edme, jak m\u00e1me na\u0161im z\u00e1kazn\u00edk\u016fm ve v\u0161em pomoci. I d\u00edky tomu m\u00e1me skv\u011bl\u00e9 jm\u00e9no a postaven\u00ed na trhu a mnoho z\u00e1kazn\u00edk\u016f, kte\u0159\u00ed n\u00e1s d\u00e1le doporu\u010duj\u00ed. P\u0159ipojte se k nim i vy snadno a rychle.Chceme pro v\u00e1s pouze a jen to nejlep\u0161\u00edNa\u0161e firma chce pro sv\u00e9 z\u00e1kazn\u00edky v\u017edy a jen pouze to nejlep\u0161\u00ed. U n\u00e1s prob\u00edh\u00e1 v\u0161echno individu\u00e1ln\u011b a na\u0161i zam\u011bstnanci v\u00e1m odpov\u011bd\u00ed na jak\u00e9koli va\u0161e ot\u00e1zky. Proto se m\u016f\u017eete spolehnout, \u017ee dostanete pouze a jen ty vany, kter\u00e9 spl\u0148uj\u00ed to, co od nich o\u010dek\u00e1v\u00e1te.                                                                                                                                                                                                                                                                                                                                                                                                "},{"@context":"https:\/\/schema.org\/","@type":"BreadcrumbList","itemListElement":[{"@type":"ListItem","position":1,"name":"Slu\u017eby profesion\u00e1la sou v\u017edy d\u016fle\u017eit\u00e9","item":"https:\/\/www.aligno.cz\/sluzby-profesionala-sou-vzdy-dulezite\/#breadcrumbitem"}]}]