[{"@context":"https:\/\/schema.org\/","@type":"Article","@id":"https:\/\/www.aligno.cz\/spolecnost-a-obleceni\/#Article","mainEntityOfPage":"https:\/\/www.aligno.cz\/spolecnost-a-obleceni\/","headline":"Spole\u010dnost a oble\u010den\u00ed","name":"Spole\u010dnost a oble\u010den\u00ed","description":"Mo\u017en\u00e1, \u017ee jste si nikdy nev\u0161imli toho, \u017ee kdy\u017e jdete do spole\u010dnosti, chovaj\u00ed se k\u00a0v\u00e1m \u00fapln\u011b jinak, kdy\u017e na sob\u011b m\u00e1te oble\u010den\u00e9 n\u011bco, kter\u00e9 je slu\u0161n\u00e9 a tak\u00e9 bylo p\u011bkn\u011b [&hellip;]","datePublished":"2022-07-25","dateModified":"2023-05-03","author":{"@type":"Person","@id":"https:\/\/www.aligno.cz\/author\/devene\/#Person","name":"devene","url":"https:\/\/www.aligno.cz\/author\/devene\/","identifier":1,"image":{"@type":"ImageObject","@id":"https:\/\/secure.gravatar.com\/avatar\/75822ebcb33f26a58f54da5d813b950f2ea435f36540e293975e215a51d4a023?s=96&d=mm&r=g","url":"https:\/\/secure.gravatar.com\/avatar\/75822ebcb33f26a58f54da5d813b950f2ea435f36540e293975e215a51d4a023?s=96&d=mm&r=g","height":96,"width":96}},"publisher":{"@type":"Organization","name":"aligno.cz","logo":{"@type":"ImageObject","@id":"\/logo.png","url":"\/logo.png","width":600,"height":60}},"image":{"@type":"ImageObject","@id":"https:\/\/www.aligno.cz\/wp-content\/uploads\/oble.JPG","url":"https:\/\/www.aligno.cz\/wp-content\/uploads\/oble.JPG","height":0,"width":0},"url":"https:\/\/www.aligno.cz\/spolecnost-a-obleceni\/","about":["Spole\u010dnost"],"wordCount":440,"articleBody":"Mo\u017en\u00e1, \u017ee jste si nikdy nev\u0161imli toho, \u017ee kdy\u017e jdete do spole\u010dnosti, chovaj\u00ed se k\u00a0v\u00e1m \u00fapln\u011b jinak, kdy\u017e na sob\u011b m\u00e1te oble\u010den\u00e9 n\u011bco, kter\u00e9 je slu\u0161n\u00e9 a tak\u00e9 bylo p\u011bkn\u011b drah\u00e9, ne\u017e kdy\u017e jdete do spole\u010dnosti oble\u010den\u00ed v\u00a0oble\u010den\u00ed za p\u00e1r korun.\u00a0Ur\u010dit\u011b nen\u00ed \u0161patn\u00e9 chodit v\u00a0oble\u010den\u00ed, kter\u00e9 v\u00e1s vy\u0161lo na p\u00e1r korun, kdy\u017e vypad\u00e1 slu\u0161n\u011b.\u00a0Pokud si \u010dlov\u011bk koup\u00ed nap\u0159\u00edklad ko\u017eenou bundu, ve kter\u00e9 za\u010dne pravideln\u011b chodit, uvid\u00edte, \u017ee jakmile vejdete n\u011bkam do spole\u010dnosti, lid\u00e9 s\u00a0v\u00e1mi budou hovo\u0159it \u00fapln\u011b jinak, ne\u017e kdybyste na sob\u011b m\u011bli nap\u0159\u00edklad bundu \u0161us\u0165\u00e1kovou.\u0158\u00edk\u00e1 se, \u017ee na oble\u010den\u00ed dnes ji\u017e nez\u00e1le\u017e\u00ed. Opak bude ale pravd\u011bpodobn\u011bj\u0161\u00ed, proto\u017ee skute\u010dn\u011b s\u00a0v\u00e1mi lid\u00e9 budou jednat jinak, pokud uvid\u00ed, \u017ee na sob\u011b m\u00e1te n\u011bjak\u00fd kousek, kter\u00fd ur\u010dit\u011b musel b\u00fdt drah\u00fd. Pokud bychom si nap\u0159\u00edklad vzali ko\u017eenou bundu, dan\u00fdm lidem bude jasn\u00e9, \u017ee n\u011bco takov\u00e9ho nest\u00e1lo do 1000,-.Pokud chcete ud\u011blat ve spole\u010dnosti dojem a chcete, aby s\u00a0v\u00e1mi nap\u0159\u00edklad prodava\u010dky v\u00a0obchodech mluvily jinak, m\u011bli byste se podle toho za\u010d\u00edt obl\u00e9kat.Zejm\u00e9na v\u00a0obchodech s\u00a0p\u00e1nsk\u00fdm oble\u010den\u00edm pracuj\u00ed \u017eeny, kter\u00e9 proch\u00e1z\u00ed v\u0161echny v\u011bci, kter\u00e9 jsou na prodej, p\u0159\u00edmo s\u00a0mu\u017ei. V\u00a0p\u0159\u00edpad\u011b \u017een by n\u011bco takov\u00e9ho \u00fasp\u011bch nem\u011blo, proto\u017ee jsou \u017eeny, kter\u00e9 nemaj\u00ed r\u00e1dy, pokud jsou b\u011bhem n\u00e1kupu n\u011bk\u00fdm ru\u0161eny, ale u p\u00e1n\u016f je to n\u011bco jin\u00e9ho, proto\u017ee oni jsou t\u011bmi, kte\u0159\u00ed si r\u00e1di nechaj\u00ed poradit, kde co najdou a to ve velikosti v\u00a0jak\u00e9 pot\u0159ebuj\u00ed. \u017deny to maj\u00ed jinak a je pot\u0159eba n\u011bco takov\u00e9ho respektovat, pokud si maj\u00ed v\u00a0dan\u00e9m obchod\u011b n\u011bco vybrat.I vy m\u016f\u017eete za\u010d\u00edt nosit ko\u017een\u00e9 oble\u010den\u00ed, pokud chcete, aby se k\u00a0v\u00e1m lid\u00e9 za\u010dali chovat mnohem vhodn\u011bji. Nen\u00ed to ale jen o k\u016f\u017ei. Jsou i jin\u00e9 materi\u00e1ly, kter\u00e9 kdy\u017e mnoho lid\u00ed vid\u00ed a poznaj\u00ed jej, ihned se k\u00a0v\u00e1m za\u010dnou chovat jinak.\u00a0Lid\u00e9 a to zejm\u00e9na prodava\u010dky v\u00a0obchodech podle oble\u010den\u00ed, kter\u00e9 m\u00e1 \u010dlov\u011bk na sob\u011b, v\u017edy odhadnou, jestli bude m\u00edt dan\u00fd \u010dlov\u011bk mnoho pen\u011bz a podle toho se budou k\u00a0dan\u00e9mu \u010dlov\u011bku chovat, aby mu n\u011bco prodaly.                                                                                                                                                                                                                                                                                                                                                                                                "},{"@context":"https:\/\/schema.org\/","@type":"BreadcrumbList","itemListElement":[{"@type":"ListItem","position":1,"name":"Spole\u010dnost a oble\u010den\u00ed","item":"https:\/\/www.aligno.cz\/spolecnost-a-obleceni\/#breadcrumbitem"}]}]