[{"@context":"https:\/\/schema.org\/","@type":"Article","@id":"https:\/\/www.aligno.cz\/uzivejte-si-virivku-i-v-zime\/#Article","mainEntityOfPage":"https:\/\/www.aligno.cz\/uzivejte-si-virivku-i-v-zime\/","headline":"U\u017e\u00edvejte si v\u00ed\u0159ivku i v zim\u011b!","name":"U\u017e\u00edvejte si v\u00ed\u0159ivku i v zim\u011b!","description":"S p\u0159\u00edchodem zimn\u00edch m\u011bs\u00edc\u016f a chladn\u00e9ho po\u010das\u00ed vyhled\u00e1v\u00e1me m\u00edste\u010dko, kde bychom se mohli zah\u0159\u00e1t. Z\u00e1rove\u0148 je nezbytn\u00e9, abychom ani v zimn\u00edm obdob\u00ed nezapom\u00ednali na relax a odpo\u010dinek. V l\u00e9t\u011b se [&hellip;]","datePublished":"2022-11-14","dateModified":"2023-05-03","author":{"@type":"Person","@id":"https:\/\/www.aligno.cz\/author\/devene\/#Person","name":"devene","url":"https:\/\/www.aligno.cz\/author\/devene\/","identifier":1,"image":{"@type":"ImageObject","@id":"https:\/\/secure.gravatar.com\/avatar\/75822ebcb33f26a58f54da5d813b950f2ea435f36540e293975e215a51d4a023?s=96&d=mm&r=g","url":"https:\/\/secure.gravatar.com\/avatar\/75822ebcb33f26a58f54da5d813b950f2ea435f36540e293975e215a51d4a023?s=96&d=mm&r=g","height":96,"width":96}},"publisher":{"@type":"Organization","name":"aligno.cz","logo":{"@type":"ImageObject","@id":"\/logo.png","url":"\/logo.png","width":600,"height":60}},"image":{"@type":"ImageObject","@id":"https:\/\/www.aligno.cz\/wp-content\/uploads\/south-beach-gfa07bc5db_640_1.jpg","url":"https:\/\/www.aligno.cz\/wp-content\/uploads\/south-beach-gfa07bc5db_640_1.jpg","height":0,"width":0},"url":"https:\/\/www.aligno.cz\/uzivejte-si-virivku-i-v-zime\/","about":["Business"],"wordCount":446,"articleBody":"          S p\u0159\u00edchodem zimn\u00edch m\u011bs\u00edc\u016f a chladn\u00e9ho po\u010das\u00ed vyhled\u00e1v\u00e1me m\u00edste\u010dko, kde bychom se mohli zah\u0159\u00e1t. Z\u00e1rove\u0148 je nezbytn\u00e9, abychom ani v zimn\u00edm obdob\u00ed nezapom\u00ednali na relax a odpo\u010dinek. V l\u00e9t\u011b se r\u016fzn\u00e9mu pohybu a relaxaci v\u011bnujeme zpravidla v\u00edce, zat\u00edmco v zim\u011b jsme r\u00e1di, \u017ee zalezeme do tepla doma a schov\u00e1me se pod deku. Na\u0161e t\u011blo ale pot\u0159ebuje tak\u00e9 trochu regenerace a p\u00e9\u010de. O to v\u00edce, kdy\u017e v chladn\u00fdch dnech je na\u0161e obranyschopnost a organismus oslaben a nevyh\u00fdbaj\u00ed se n\u00e1m ani r\u016fzn\u00e1 nachlazen\u00ed a nemoci ze zimn\u00edho obdob\u00ed. Nen\u00ed nic lep\u0161\u00ed, ne\u017e kdy\u017e m\u016f\u017eeme sv\u00e9 t\u011blo regenerovat hezky v teple, i kdy\u017e je venku nevl\u00eddn\u00e9 po\u010das\u00ed. Nejlep\u0161\u00ed je dop\u0159\u00e1t sv\u00e9mu t\u011blu k\u00fd\u017een\u00fd relax z pohodl\u00ed domova. K tomu je nejlep\u0161\u00ed m\u00edt doma v\u00ed\u0159ivku, kter\u00e1 zrelaxuje va\u0161e t\u011blo i uvoln\u00ed mysl. Je to m\u00edsto, kde si dokonale odpo\u010dnete, a je\u0161t\u011b na\u010derp\u00e1te novou s\u00edlu. V\u00ed\u0159ivku m\u016f\u017eete m\u00edt klidn\u011b venku, kde se zaru\u010den\u011b zah\u0159ejete a zrelaxujete sv\u00e9 t\u011blo, i kdy\u017e je kolem v\u00e1s zima. M\u016f\u017eete si tak v pohodl\u00ed hork\u00e9 koupele kochat pohledem na zasn\u011b\u017eenou pl\u00e1\u0148. Mo\u017en\u00e1 u\u017e doma vlastn\u00edte v\u00ed\u0159ivku a u\u017e\u00edv\u00e1te si p\u0159\u00edjemn\u00e9 pohody v hork\u00e9 vod\u011b, ale tak\u00e9 se v\u00e1m u\u017e mo\u017en\u00e1 stalo, \u017ee se v\u00e1m s va\u0161\u00ed v\u00ed\u0159ivkou n\u011bco porouchalo a nev\u00edte si s t\u00edm rady. Od toho jsou zde opravy v\u00ed\u0159ivek, kter\u00e9 se specializuj\u00ed na ve\u0161ker\u00e9 poruchy spojen\u00e9 s v\u00ed\u0159iv\u00fdmi vanami. Va\u0161e v\u00ed\u0159ivka m\u016f\u017ee b\u00fdt nap\u0159\u00edklad zne\u010di\u0161t\u011bna a sami u\u017e si s n\u00ed nev\u00edte rady. Spa aqua servis v\u00e1m m\u016f\u017ee v\u00ed\u0159ivou vanu i vy\u010distit a se\u0159\u00eddit ve\u0161ker\u00e9 p\u0159\u00edslu\u0161enstv\u00ed. M\u016f\u017eete si tak\u00e9 nechat zm\u011b\u0159it kvalitu a tvrdost vody. Samoz\u0159ejm\u011b je sou\u010d\u00e1st\u00ed \u00fadr\u017eby tak\u00e9 vym\u011bn\u011bn\u00ed a se\u0159\u00edzen\u00ed d\u00edl\u016f v\u00ed\u0159ivky, jej\u00ed renovace, ale tak\u00e9 zazimov\u00e1n\u00ed v\u00ed\u0159ivky. Pro jej\u00ed dlouhou \u017eivotnost je t\u0159eba pravideln\u00e1 \u00fadr\u017eba a tak\u00e9 profesion\u00e1ln\u00ed servis. O svou v\u00ed\u0159ivku se nemus\u00edte starat vy, ale ud\u011bl\u00e1 to za v\u00e1s zku\u0161en\u00e1 firma, kter\u00e1 p\u0159esn\u011b v\u00ed, jak na to! M\u016f\u017eete si u\u017e jenom u\u017e\u00edvat pohodu a horkou l\u00e1ze\u0148 ve va\u0161\u00ed v\u00ed\u0159ivce, a to v ka\u017ed\u00e9m ro\u010dn\u00ed obdob\u00ed.                                                                                                                                                                                                                                                                                                                                                                                                   "},{"@context":"https:\/\/schema.org\/","@type":"BreadcrumbList","itemListElement":[{"@type":"ListItem","position":1,"name":"U\u017e\u00edvejte si v\u00ed\u0159ivku i v zim\u011b!","item":"https:\/\/www.aligno.cz\/uzivejte-si-virivku-i-v-zime\/#breadcrumbitem"}]}]