[{"@context":"https:\/\/schema.org\/","@type":"Article","@id":"https:\/\/www.aligno.cz\/vanocni-svatky-nebo-silvestr-v-cizine\/#Article","mainEntityOfPage":"https:\/\/www.aligno.cz\/vanocni-svatky-nebo-silvestr-v-cizine\/","headline":"V\u00e1no\u010dn\u00ed sv\u00e1tky nebo Silvestr v cizin\u011b","name":"V\u00e1no\u010dn\u00ed sv\u00e1tky nebo Silvestr v cizin\u011b","description":"Ka\u017ed\u00e1 hospody\u0148ka to zn\u00e1, \u017ee se jsou v\u00e1no\u010dn\u00ed sv\u00e1tky pln\u00e9 shonu, va\u0159en\u00ed, tr\u00e1ven\u00ed \u010dasu u plotny, a to u\u017e prost\u011b nem\u00e1te zapot\u0159eb\u00ed? D\u011bti u\u017e m\u00e1te velk\u00e9, p\u0159ijedou akor\u00e1t na sv\u00e1tky [&hellip;]","datePublished":"2022-10-14","dateModified":"2023-05-03","author":{"@type":"Person","@id":"https:\/\/www.aligno.cz\/author\/devene\/#Person","name":"devene","url":"https:\/\/www.aligno.cz\/author\/devene\/","identifier":1,"image":{"@type":"ImageObject","@id":"https:\/\/secure.gravatar.com\/avatar\/75822ebcb33f26a58f54da5d813b950f2ea435f36540e293975e215a51d4a023?s=96&d=mm&r=g","url":"https:\/\/secure.gravatar.com\/avatar\/75822ebcb33f26a58f54da5d813b950f2ea435f36540e293975e215a51d4a023?s=96&d=mm&r=g","height":96,"width":96}},"publisher":{"@type":"Organization","name":"aligno.cz","logo":{"@type":"ImageObject","@id":"\/logo.png","url":"\/logo.png","width":600,"height":60}},"image":{"@type":"ImageObject","@id":"https:\/\/www.aligno.cz\/wp-content\/uploads\/slovensko_1.jpg","url":"https:\/\/www.aligno.cz\/wp-content\/uploads\/slovensko_1.jpg","height":0,"width":0},"url":"https:\/\/www.aligno.cz\/vanocni-svatky-nebo-silvestr-v-cizine\/","about":["Business"],"wordCount":410,"articleBody":"        Ka\u017ed\u00e1 hospody\u0148ka to zn\u00e1, \u017ee se jsou v\u00e1no\u010dn\u00ed sv\u00e1tky pln\u00e9 shonu, va\u0159en\u00ed, tr\u00e1ven\u00ed \u010dasu u plotny, a to u\u017e prost\u011b nem\u00e1te zapot\u0159eb\u00ed? D\u011bti u\u017e m\u00e1te velk\u00e9, p\u0159ijedou akor\u00e1t na sv\u00e1tky v\u00e1no\u010dn\u00ed a pak budete m\u00edt dovolenou? A co takhle j\u00ed str\u00e1vit n\u011bkde, kde budete m\u00edt klid, budete chodit na mas\u00e1\u017ee, vykoupete se v term\u00e1ln\u00edch pramenech a z\u00edsk\u00e1te zaslou\u017een\u00e9 chvilky pohody? Co takhle vyrazit nap\u0159\u00edklad s p\u00e1r kamar\u00e1dkami, aby to m\u011blo tu spr\u00e1vnou n\u00e1ladu a chu\u0165 j\u00edt do v\u0161eho po hlav\u011b? Vyzkou\u0161ejte m\u00edsto, kter\u00e9 je nedaleko na\u0161ich hranic, kde najdete pr\u00e1v\u011b nap\u0159\u00edklad voln\u00e9 apartm\u00e1ny, kter\u00e9 m\u016f\u017eete s kamar\u00e1dkami vyu\u017e\u00edt, budete v nich m\u00edt klid na va\u0161e \u010dajov\u00e9 d\u00fdch\u00e1nky nebo na ve\u010dern\u00ed posezen\u00ed\u010dko u v\u00edna. Ubytov\u00e1n\u00ed Velk\u00fd Meder https:\/\/www.travelguide.sk\/cze\/velky-meder\/ubytovani\/ je t\u00edm prav\u00fdm m\u00edstem pro v\u00e1s. Nebo sem m\u016f\u017eete vyrazit na zimn\u00ed dovolenou i s d\u011btmi, pro kter\u00e9 je bydlen\u00ed v apartm\u00e1nu naprosto ide\u00e1ln\u00ed. Nikde nebudete nikoho ru\u0161it, budete m\u00edt na v\u0161echno stanoven\u00fd vlastn\u00ed \u010dasov\u00fd harmonogram, budete pouze doch\u00e1zet do term\u00e1ln\u00edho koupali\u0161t\u011b, kter\u00e9 bude nedaleko. Objevte kr\u00e1sy ji\u017en\u00edho Slovenska. Objevte kr\u00e1sy apartm\u00e1nov\u00fdch dom\u016f, kam m\u016f\u017eete vyrazit na dovolenou t\u0159eba s kamar\u00e1dy a jejich rodinami, ka\u017ed\u00e1 bude m\u00edt sv\u00e9 soukrom\u00ed a kdy\u017e budete cht\u00edt, sejdete se. Je to vzd\u00e1leno jen \u0161edes\u00e1t kilometr\u016f od Bratislavy, tak\u017ee se nejedn\u00e1 o vzd\u00e1lenost, kterou by hrav\u011b ne\u0161lo p\u0159ekonat autem. D\u016fle\u017eit\u00e9 je odpo\u010d\u00edvat i v zim\u011b, nechat se h\u00fd\u010dkat teplou vodou, p\u0159\u00edpadn\u011b se objednat t\u0159eba na wellness a zv\u00fd\u0161it svoji imunitu nap\u0159\u00edklad pobytem v saun\u011b. Pod\u00edvejte se, co je zde v\u0161echno k dispozici. U obce se nach\u00e1z\u00ed je\u0161t\u011b lesopark, kam m\u016f\u017eete vyrazit na proch\u00e1zku a prov\u011btrat se, ne\u017e zase zav\u00edt\u00e1te na koupali\u0161t\u011b. Mo\u017enosti vy\u017eit\u00ed je tu v\u00edce, u\u017e m\u00e1te alespo\u0148 inspiraci, kam vyrazit s rodinou nebo s partou p\u0159\u00e1tel! Ve Velk\u00e9m Mederu \u017eije v\u011bt\u0161ina ma\u010farsk\u00e9ho obyvatelstva, pozn\u00e1te i jejich kulturu.                                                                                                                                                                                                                                                                                                                                                                                                  "},{"@context":"https:\/\/schema.org\/","@type":"BreadcrumbList","itemListElement":[{"@type":"ListItem","position":1,"name":"V\u00e1no\u010dn\u00ed sv\u00e1tky nebo Silvestr v cizin\u011b","item":"https:\/\/www.aligno.cz\/vanocni-svatky-nebo-silvestr-v-cizine\/#breadcrumbitem"}]}]