[{"@context":"https:\/\/schema.org\/","@type":"Article","@id":"https:\/\/www.aligno.cz\/vase-auto-bude-vypadat-opravdu-dobre\/#Article","mainEntityOfPage":"https:\/\/www.aligno.cz\/vase-auto-bude-vypadat-opravdu-dobre\/","headline":"Va\u0161e auto bude vypadat opravdu dob\u0159e","name":"Va\u0161e auto bude vypadat opravdu dob\u0159e","description":"Velk\u00e9 mno\u017estv\u00ed mu\u017e\u016f, ale i n\u011bkter\u00e9 \u017eeny, maj\u00ed velkou slabost pro techniku a zvl\u00e1\u0161t\u011b pro auta. Auto m\u016f\u017ee b\u00fdt pro ka\u017ed\u00e9ho jedince srde\u010dn\u00ed z\u00e1le\u017eitost\u00ed, na kterou by nikdy nedal dopustit. [&hellip;]","datePublished":"2023-12-27","dateModified":"2023-12-27","author":{"@type":"Person","@id":"https:\/\/www.aligno.cz\/author\/devene\/#Person","name":"devene","url":"https:\/\/www.aligno.cz\/author\/devene\/","identifier":1,"image":{"@type":"ImageObject","@id":"https:\/\/secure.gravatar.com\/avatar\/75822ebcb33f26a58f54da5d813b950f2ea435f36540e293975e215a51d4a023?s=96&d=mm&r=g","url":"https:\/\/secure.gravatar.com\/avatar\/75822ebcb33f26a58f54da5d813b950f2ea435f36540e293975e215a51d4a023?s=96&d=mm&r=g","height":96,"width":96}},"publisher":{"@type":"Organization","name":"aligno.cz","logo":{"@type":"ImageObject","@id":"\/logo.png","url":"\/logo.png","width":600,"height":60}},"url":"https:\/\/www.aligno.cz\/vase-auto-bude-vypadat-opravdu-dobre\/","wordCount":237,"articleBody":"Velk\u00e9 mno\u017estv\u00ed mu\u017e\u016f, ale i n\u011bkter\u00e9 \u017eeny, maj\u00ed velkou slabost pro techniku a zvl\u00e1\u0161t\u011b pro auta. Auto m\u016f\u017ee b\u00fdt pro ka\u017ed\u00e9ho jedince srde\u010dn\u00ed z\u00e1le\u017eitost\u00ed, na kterou by nikdy nedal dopustit. O auto je ov\u0161em tak\u00e9 pot\u0159eba se n\u00e1le\u017eit\u00e9 starat. Takov\u00e1 p\u00e9\u010de samoz\u0159ejm\u011b zahrnuje \u00fadr\u017ebu \u010distoty, ale tak\u00e9 technick\u00e9ho stavu. Je t\u0159eba pravideln\u011b v\u0161e kontrolovat, a pokud se V\u00e1m zd\u00e1, \u017ee n\u011bco pracuje n\u011bjak \u0161patn\u011b, m\u011bli byste to ihned \u0159e\u0161it. Dal\u0161\u00ed v\u011bc\u00ed, na kterou ka\u017ed\u00fd milovn\u00edk aut jist\u011b db\u00e1, je tak\u00e9 vzhled. Vzhled je toti\u017e tak\u00e9 velmi d\u016fle\u017eitou v\u011bc\u00ed, co se auta t\u00fd\u010de.Ta prav\u00e1 barva pro Va\u0161e autoKa\u017ed\u00e9 auto m\u00e1 jin\u00e9 tvary a vypad\u00e1 opravdu jinak a ka\u017ed\u00fd vyb\u00edr\u00e1 takov\u00e9, kter\u00e9 se mu l\u00edb\u00ed a p\u0159ipad\u00e1 mu hezk\u00e9. Vzhled auta se ov\u0161em d\u00e1 tak\u00e9 sv\u00e9pomoc\u00ed velmi dob\u0159e vylep\u0161it. Jde sice pouze o detaily, ale i tak mohou naprosto zm\u011bnit v\u00fdsledn\u00fd efekt. Nap\u0159\u00edklad pokud zvol\u00edte n\u011bjak\u00e1 zaj\u00edmav\u00e1 a p\u0159im\u011b\u0159en\u00e1 kola, rozhodn\u011b V\u00e1\u0161 automobil zkr\u00e1sn\u00ed. N\u011bco, co pro V\u00e1m m\u00e1me my je barva na brzdy. D\u00edky n\u00ed budou t\u0159meny vypadat opravdu dob\u0159e a budou skv\u011ble dopl\u0148ovat celkov\u00fd vzhled auta.                                                                                                                                                                                                                                                                                                                                                                                                "},{"@context":"https:\/\/schema.org\/","@type":"BreadcrumbList","itemListElement":[{"@type":"ListItem","position":1,"name":"Va\u0161e auto bude vypadat opravdu dob\u0159e","item":"https:\/\/www.aligno.cz\/vase-auto-bude-vypadat-opravdu-dobre\/#breadcrumbitem"}]}]